{"id":13343,"date":"2014-01-03T00:00:00","date_gmt":"2014-01-02T23:00:00","guid":{"rendered":"https:\/\/imagazine.it\/?p=13343"},"modified":"2014-01-03T00:00:00","modified_gmt":"2014-01-02T23:00:00","slug":"udine-capitale-della-scherma","status":"publish","type":"post","link":"https:\/\/imagazine.it\/home_desk\/udine-capitale-della-scherma\/","title":{"rendered":"Udine capitale della scherma"},"content":{"rendered":"<p style=\"text-align: justify;\" class=\"ui-droppable\"> \tLa scherma mondiale festeggia a Udine l&#8217;arrivo del nuovo anno. \u00c8 il Friuli a ospitare infatti il primo evento schermistico del 2014: la tappa di Coppa del Mondo under 20 di spada maschile, fioretto maschile e di sciabola maschile e femminile.\u00a0<\/p>\n<p style=\"text-align: justify;\" class=\"ui-droppable\"> \tDopo il successo organizzativo dello scorso anno quando, per la prima volta, l&#8217;appuntamento approd\u00f2 a Udine, si ritorna al PalaIndoor Ovidio Bernes per l&#8217;evento che racchiude tutte le tappe del circuito mondiale under20 assegnate all&#8217;Italia.<\/p>\n<p style=\"text-align: justify;\" class=\"ui-droppable\"> \tIl programma gare prevede anche lo svolgimento delle prove a squadre che, dopo un periodo sperimentale, dalla prossima stagione agonistica saranno ufficializzate e integrate nel calendario della Federazione Internazionale, con la definizione di un ranking specifico.\u00a0<br \/> \tSi inizia domani alle 8.30 con il via alla fase a gironi della prova di spada maschile. Alle 15 sar\u00e0 la volta della gara di sciabola femminile. Dalle 17 sono previsti gli assalti conclusivi sulla pedana della finale e quindi la cerimonia di premiazione.\u00a0<\/p>\n<p style=\"text-align: justify;\" class=\"ui-droppable\"> \tDomenica sar\u00e0 invece una giornata intensa di gare. Si inizier\u00e0 alle 8.30 con quella di fioretto maschile, mentre alle 10.30 prender\u00e0 il via la prova di sciabola maschile. Alle 14 scatteranno le gare a squadre di spada maschile e di sciabola femminile.<\/p>\n<p style=\"text-align: justify;\" class=\"ui-droppable\"> \tLunedi, giorno dell&#8217;Epifania, si svolgeranno le prove a squadre di fioretto maschile e di sciabola maschile.\u00a0<\/p>\n<p style=\"text-align: justify;\" class=\"ui-droppable\"> \tMadrina dell\u2019evento sar\u00e0 la schermista friulana <a href=\"http:\/\/www.imagazine.it\/news\/112\" target=\"_blank\" rel=\"noopener\">Mara Navarria<\/a>.<\/p>\n","protected":false},"excerpt":{"rendered":"<p>Dal 4 al 6 gennaio<\/p>\n","protected":false},"author":28,"featured_media":0,"comment_status":"closed","ping_status":"closed","sticky":false,"template":"","format":"standard","meta":{"dwc-title":[],"dwc-content":[],"footnotes":""},"categories":[38],"tags":[],"class_list":["post-13343","post","type-post","status-publish","format-standard","hentry","category-sport"],"rttpg_featured_image_url":null,"rttpg_author":{"display_name":"redazione","author_link":"https:\/\/imagazine.it\/home_desk\/author\/redazione\/"},"rttpg_comment":0,"rttpg_category":"<a href=\"https:\/\/imagazine.it\/home_desk\/category\/sport\/\" rel=\"category tag\">SPORT<\/a>","rttpg_excerpt":"Dal 4 al 6 gennaio","_links":{"self":[{"href":"https:\/\/imagazine.it\/home_desk\/wp-json\/wp\/v2\/posts\/13343","targetHints":{"allow":["GET"]}}],"collection":[{"href":"https:\/\/imagazine.it\/home_desk\/wp-json\/wp\/v2\/posts"}],"about":[{"href":"https:\/\/imagazine.it\/home_desk\/wp-json\/wp\/v2\/types\/post"}],"author":[{"embeddable":true,"href":"https:\/\/imagazine.it\/home_desk\/wp-json\/wp\/v2\/users\/28"}],"replies":[{"embeddable":true,"href":"https:\/\/imagazine.it\/home_desk\/wp-json\/wp\/v2\/comments?post=13343"}],"version-history":[{"count":0,"href":"https:\/\/imagazine.it\/home_desk\/wp-json\/wp\/v2\/posts\/13343\/revisions"}],"wp:attachment":[{"href":"https:\/\/imagazine.it\/home_desk\/wp-json\/wp\/v2\/media?parent=13343"}],"wp:term":[{"taxonomy":"category","embeddable":true,"href":"https:\/\/imagazine.it\/home_desk\/wp-json\/wp\/v2\/categories?post=13343"},{"taxonomy":"post_tag","embeddable":true,"href":"https:\/\/imagazine.it\/home_desk\/wp-json\/wp\/v2\/tags?post=13343"}],"curies":[{"name":"wp","href":"https:\/\/api.w.org\/{rel}","templated":true}]}}