{"id":12458,"date":"2013-12-27T00:00:00","date_gmt":"2013-12-26T23:00:00","guid":{"rendered":"https:\/\/imagazine.it\/?p=12458"},"modified":"2013-12-27T00:00:00","modified_gmt":"2013-12-26T23:00:00","slug":"trieste-corsi-di-formazione-per-disoccupate","status":"publish","type":"post","link":"https:\/\/imagazine.it\/home_desk\/trieste-corsi-di-formazione-per-disoccupate\/","title":{"rendered":"Trieste, corsi di formazione per disoccupate"},"content":{"rendered":"<p style=\"text-align: justify;\" class=\"ui-droppable\"> \tLa Provincia di Trieste organizza due corsi di formazione dedicati alla creazione d\u2019impresa nei settori del commercio, dei servizi e del turismo e alla creazione d\u2019impresa nel settore dell\u2019artigianato artistico o tradizionale.<\/p>\n<p style=\"text-align: justify;\" class=\"ui-droppable\"> \tL\u2019attivit\u00e0 \u00e8 finalizzata alla formazione di 44 donne disoccupate\/inoccupate, che abbiano rilasciato la disponibilit\u00e0 immediata all\u2019impiego (DLgs 181\/2000 e succ. modif.) presso il Centro per l\u2019Impiego di Trieste e abbiamo un\u2019et\u00e0 compresa tra i 18 e 40 anni. I requisiti devono essere posseduti al momento dell\u2019iscrizione al corso.<\/p>\n<p style=\"text-align: justify;\" class=\"ui-droppable\"> \tPer ottenere il rilascio dell\u2019attestato di partecipazione \u00e8 obbligatoria la frequenza di almeno il 75% delle ore di formazione. Le domande potranno essere consegnate,\u00a0a partire <strong>dal 2 gennaio, entro le ore 12 del 17 gennaio<\/strong>, al Protocollo della Provincia di Trieste, Piazza Vittorio Veneto n. 4 (orario da luned\u00ec a venerd\u00ec dalle 9 alle 13 e nelle giornate di luned\u00ec e gioved\u00ec dalle 15 alle 17) o spedite con raccomandata con ricevuta di ritorno o inviate tramite posta certificata al seguente indirizzo:\u00a0<a href=\"mailto:provincia.trieste@certgov.fvg.it\">provincia.trieste@certgov.fvg.it<\/a>.<\/p>\n<p style=\"text-align: justify;\" class=\"ui-droppable\"> \tL\u2019accoglimento delle domande seguir\u00e0 la modalit\u00e0 a sportello (ordine cronologico di arrivo) fino a esaurimento posti.<\/p>\n<p style=\"text-align: justify;\" class=\"ui-droppable\"> \t\u00c8 richiesta la partecipazione delle corsiste al convegno \u201cSfidare la crisi, investire su se stessi\u201d che si terr\u00e0 il 23 gennaio alle ore 14.30 presso la Camera di Commercio di Trieste.<\/p>\n<p style=\"text-align: justify;\" class=\"ui-droppable\"> \tI corsi partiranno luned\u00ec 27 gennaio, indicativamente con orario 9 \u2013 13. Le lezioni avranno luogo presso la sede della Confcommercio di via San Nicol\u00f2 n. 7 a Trieste e presso la Eco Space di via Cavalieri di Malta n. 3 a Muggia.<\/p>\n<p style=\"text-align: justify;\" class=\"ui-droppable\"> \tI corsi sono organizzati nell\u2019ambito del finanziamento a valere sul Bando \u201cProgetti di azioni positive degli Enti Locali tesi a espandere l\u2019accesso al lavoro, i percorsi di carriera e a incrementare l\u2019opportunit\u00e0 di formazione, qualificazione e riqualificazione professionale delle donne \u2013 2013\u201d promosso dalla Regione Autonoma Friuli Venezia Giulia \u2013 Direzione Centrale Lavoro, Formazione, Istruzione, Pari Opportunit\u00e0, Politiche Giovanili e Ricerca (L.R. n. 23\/1990, art. 2, comma 3, lettere g e h ), con la partecipazione dei Comuni di Sgonico-Zgonik, Duino-Aurisina &#8211; Devin-Nabre\u017eina, Muggia, Monrupino &#8211; Ob\u010dina Repentabor, San Dorligo della Valle &#8211; Ob\u010dina Dolina, Aries Azienda Speciale della Camera di Commercio di Trieste, Confcommercio, Legacoop Fvg e Confcooperative.<\/p>\n","protected":false},"excerpt":{"rendered":"<p>Organizzati dalla Provincia<\/p>\n","protected":false},"author":28,"featured_media":0,"comment_status":"closed","ping_status":"closed","sticky":false,"template":"","format":"standard","meta":{"dwc-title":[],"dwc-content":[],"footnotes":""},"categories":[5],"tags":[],"class_list":["post-12458","post","type-post","status-publish","format-standard","hentry","category-attualita"],"rttpg_featured_image_url":null,"rttpg_author":{"display_name":"redazione","author_link":"https:\/\/imagazine.it\/home_desk\/author\/redazione\/"},"rttpg_comment":0,"rttpg_category":"<a href=\"https:\/\/imagazine.it\/home_desk\/category\/attualita\/\" rel=\"category tag\">ATTUALIT\u00c0<\/a>","rttpg_excerpt":"Organizzati dalla Provincia","_links":{"self":[{"href":"https:\/\/imagazine.it\/home_desk\/wp-json\/wp\/v2\/posts\/12458","targetHints":{"allow":["GET"]}}],"collection":[{"href":"https:\/\/imagazine.it\/home_desk\/wp-json\/wp\/v2\/posts"}],"about":[{"href":"https:\/\/imagazine.it\/home_desk\/wp-json\/wp\/v2\/types\/post"}],"author":[{"embeddable":true,"href":"https:\/\/imagazine.it\/home_desk\/wp-json\/wp\/v2\/users\/28"}],"replies":[{"embeddable":true,"href":"https:\/\/imagazine.it\/home_desk\/wp-json\/wp\/v2\/comments?post=12458"}],"version-history":[{"count":0,"href":"https:\/\/imagazine.it\/home_desk\/wp-json\/wp\/v2\/posts\/12458\/revisions"}],"wp:attachment":[{"href":"https:\/\/imagazine.it\/home_desk\/wp-json\/wp\/v2\/media?parent=12458"}],"wp:term":[{"taxonomy":"category","embeddable":true,"href":"https:\/\/imagazine.it\/home_desk\/wp-json\/wp\/v2\/categories?post=12458"},{"taxonomy":"post_tag","embeddable":true,"href":"https:\/\/imagazine.it\/home_desk\/wp-json\/wp\/v2\/tags?post=12458"}],"curies":[{"name":"wp","href":"https:\/\/api.w.org\/{rel}","templated":true}]}}