{"id":12444,"date":"2013-11-13T00:00:00","date_gmt":"2013-11-12T23:00:00","guid":{"rendered":"https:\/\/imagazine.it\/?p=12444"},"modified":"2013-11-13T00:00:00","modified_gmt":"2013-11-12T23:00:00","slug":"mobilita-europea-convegno-a-gorizia","status":"publish","type":"post","link":"https:\/\/imagazine.it\/home_desk\/mobilita-europea-convegno-a-gorizia\/","title":{"rendered":"Mobilit\u00e0 europea, convegno a Gorizia"},"content":{"rendered":"<p style=\"text-align: justify;\" class=\"ui-droppable\"> \tSi terr\u00e0 domani, a partire <strong>dalle ore 15<\/strong>\u00a0a Palazzo Attems Petzenstein a Gorizia, l\u2019evento \u201c<strong>Innovative systems and multimodale mobility of the adriatic area<\/strong>\u201d.<\/p>\n<p style=\"text-align: justify;\" class=\"ui-droppable\"> \tL\u2019incontro rientra nel progetto europeo TISAR sul tema della condivisione dei dati sui trasporti pubblici e sulle \u201cmultimodal traveller information\u201d a livello politico e tecnico. Il\u00a0progetto intende\u00a0realizzare\u00a0una piattaforma informatica, dove raccogliere\u00a0e rendere disponibili, nelle lingue dei Paesi IPA (Area Adriatico-Ionica), i dati sui trasporti pubblici e sulla pianificazione dei viaggi.<\/p>\n<p style=\"text-align: justify;\" class=\"ui-droppable\"> \tLa piattaforma TISAR dar\u00e0 informazioni sulle soluzioni disponibili relativamente al trasporto pubblico, con una pianificazione perfetta del viaggio multimodale (comprendente le modalit\u00e0 stradali, ferroviarie, marittime ed aeree).<\/p>\n<p style=\"text-align: justify;\" class=\"ui-droppable\"> \tIl progetto coinvolge le autorit\u00e0 di diverse nazioni della Regione Adriatica e due partner tecnici esperti nel settore ITS. La possibilit\u00e0 di fare interagire competenze scientifiche e tecniche, oltre alla presenza di rappresentanti istituzionali, favorir\u00e0 una concreta discussione su una delle maggiori questioni Europee:\u00a0un servizio di informazioni di viaggio che permetta, in continuit\u00e0, di utilizzare i diversi mezzi di trasporto, una questione molto sentita nella Macro-Regione Adriatica dal momento che coinvolge un territorio in cui lingue, culture e storie diverse convivono in un\u2019area ristretta.<\/p>\n<p style=\"text-align: justify;\" class=\"ui-droppable\"> \tOggi non esiste la possibilit\u00e0 di avere in un unico portale tutte le informazioni per pianificare viaggi porta a porta all\u2019interno del territorio utilizzando una combinazione\u00a0di trasporti pubblici\/privati.<\/p>\n<p style=\"text-align: justify;\" class=\"ui-droppable\"> \tLe ragioni non sono solo tecniche, ma sono spesso dovute alla mancanza di comunicazione, di accordi e di regole sia a livello locale sia a livello internazionale nella condivisione dei dati relativi ai trasporti pubblici.<\/p>\n<p style=\"text-align: justify;\" class=\"ui-droppable\"> \tTISAR propone la realizzazione di due tavoli di lavoro paralleli, uno istituzionale e uno tecnico, che interagiscono tra loro e con altri tavoli di lavoro a livello europeo, gi\u00e0 definiti per superare gli ostacoli legati alla concreta realizzazione di un adeguato sistema di mobilit\u00e0.<\/p>\n<p style=\"text-align: justify;\" class=\"ui-droppable\"> \tGrazie alla presenza di partner tecnici, TISAR propone la concreta realizzazione di una piattaforma basata sugli standard europei. Il piano di lavoro istituzionale affronter\u00e0 la diffusione di dibattiti politici a livello europeo, mostrando i reali risultati di informazione e integrazione.<\/p>\n","protected":false},"excerpt":{"rendered":"<p>Domani a Palazzo Attems<\/p>\n","protected":false},"author":28,"featured_media":12445,"comment_status":"closed","ping_status":"closed","sticky":false,"template":"","format":"standard","meta":{"dwc-title":[],"dwc-content":[],"footnotes":""},"categories":[5],"tags":[],"class_list":["post-12444","post","type-post","status-publish","format-standard","has-post-thumbnail","hentry","category-attualita"],"rttpg_featured_image_url":{"full":["https:\/\/imagazine.it\/wp-content\/uploads\/2024\/01\/3009-1.webp",470,260,false],"landscape":["https:\/\/imagazine.it\/wp-content\/uploads\/2024\/01\/3009-1.webp",470,260,false],"portraits":["https:\/\/imagazine.it\/wp-content\/uploads\/2024\/01\/3009-1.webp",470,260,false],"thumbnail":["https:\/\/imagazine.it\/wp-content\/uploads\/2024\/01\/3009-1-150x150.webp",150,150,true],"medium":["https:\/\/imagazine.it\/wp-content\/uploads\/2024\/01\/3009-1-300x166.webp",300,166,true],"large":["https:\/\/imagazine.it\/wp-content\/uploads\/2024\/01\/3009-1.webp",470,260,false],"thumblist":["https:\/\/imagazine.it\/wp-content\/uploads\/2024\/01\/3009-1.webp",300,166,false],"thumbrelated":["https:\/\/imagazine.it\/wp-content\/uploads\/2024\/01\/3009-1.webp",470,260,false],"meccarouselthumb":["https:\/\/imagazine.it\/wp-content\/uploads\/2024\/01\/3009-1.webp",470,260,false],"gridsquare":["https:\/\/imagazine.it\/wp-content\/uploads\/2024\/01\/3009-1.webp",391,216,false],"tileview":["https:\/\/imagazine.it\/wp-content\/uploads\/2024\/01\/3009-1.webp",300,166,false],"1536x1536":["https:\/\/imagazine.it\/wp-content\/uploads\/2024\/01\/3009-1.webp",470,260,false],"2048x2048":["https:\/\/imagazine.it\/wp-content\/uploads\/2024\/01\/3009-1.webp",470,260,false],"newsup-slider-full":["https:\/\/imagazine.it\/wp-content\/uploads\/2024\/01\/3009-1.webp",470,260,false],"newsup-featured":["https:\/\/imagazine.it\/wp-content\/uploads\/2024\/01\/3009-1.webp",470,260,false],"newsup-medium":["https:\/\/imagazine.it\/wp-content\/uploads\/2024\/01\/3009-1.webp",470,260,false],"tptn_thumbnail":["https:\/\/imagazine.it\/wp-content\/uploads\/2024\/01\/3009-1.webp",250,138,false],"sow-carousel-default":["https:\/\/imagazine.it\/wp-content\/uploads\/2024\/01\/3009-1-272x182.webp",272,182,true]},"rttpg_author":{"display_name":"redazione","author_link":"https:\/\/imagazine.it\/home_desk\/author\/redazione\/"},"rttpg_comment":0,"rttpg_category":"<a href=\"https:\/\/imagazine.it\/home_desk\/category\/attualita\/\" rel=\"category tag\">ATTUALIT\u00c0<\/a>","rttpg_excerpt":"Domani a Palazzo Attems","_links":{"self":[{"href":"https:\/\/imagazine.it\/home_desk\/wp-json\/wp\/v2\/posts\/12444","targetHints":{"allow":["GET"]}}],"collection":[{"href":"https:\/\/imagazine.it\/home_desk\/wp-json\/wp\/v2\/posts"}],"about":[{"href":"https:\/\/imagazine.it\/home_desk\/wp-json\/wp\/v2\/types\/post"}],"author":[{"embeddable":true,"href":"https:\/\/imagazine.it\/home_desk\/wp-json\/wp\/v2\/users\/28"}],"replies":[{"embeddable":true,"href":"https:\/\/imagazine.it\/home_desk\/wp-json\/wp\/v2\/comments?post=12444"}],"version-history":[{"count":0,"href":"https:\/\/imagazine.it\/home_desk\/wp-json\/wp\/v2\/posts\/12444\/revisions"}],"wp:featuredmedia":[{"embeddable":true,"href":"https:\/\/imagazine.it\/home_desk\/wp-json\/wp\/v2\/media\/12445"}],"wp:attachment":[{"href":"https:\/\/imagazine.it\/home_desk\/wp-json\/wp\/v2\/media?parent=12444"}],"wp:term":[{"taxonomy":"category","embeddable":true,"href":"https:\/\/imagazine.it\/home_desk\/wp-json\/wp\/v2\/categories?post=12444"},{"taxonomy":"post_tag","embeddable":true,"href":"https:\/\/imagazine.it\/home_desk\/wp-json\/wp\/v2\/tags?post=12444"}],"curies":[{"name":"wp","href":"https:\/\/api.w.org\/{rel}","templated":true}]}}