{"id":12435,"date":"2013-11-05T00:00:00","date_gmt":"2013-11-04T23:00:00","guid":{"rendered":"https:\/\/imagazine.it\/?p=12435"},"modified":"2013-11-05T00:00:00","modified_gmt":"2013-11-04T23:00:00","slug":"parole-povere-al-torino-film-festival","status":"publish","type":"post","link":"https:\/\/imagazine.it\/home_desk\/parole-povere-al-torino-film-festival\/","title":{"rendered":"Parole Povere al Torino Film Festival"},"content":{"rendered":"<p style=\"text-align: justify;\" class=\"ui-droppable\"> \t<strong><em>Parole Povere<\/em><\/strong>, il nuovo film di\u00a0<strong>Francesca Archibugi\u00a0<\/strong>nato dal felicissimo incontro con il poeta friulano\u00a0<strong>Pierluigi Cappello<\/strong>, parteciper\u00e0 al\u00a0<strong>Torino Film Festival<\/strong>\u00a0nella sezione\u00a0<strong><em>E intanto in Italia\u00a0<\/em><\/strong>(dedicata ai cineasti contemporanei).<\/p>\n<p style=\"text-align: justify;\" class=\"ui-droppable\"> \tFortemente voluto a Torino dal direttore\u00a0<strong>Paolo Virz\u00ec<\/strong>,\u00a0<strong><em>Parole Povere\u00a0<\/em><\/strong>\u00e8 il terzo titolo consecutivo targato\u00a0<strong>Tucker Film<\/strong>\u00a0ad approdare sotto i riflettori di un festival, dopo\u00a0<strong><em>Zoran, il mio nipote scemo\u00a0<\/em><\/strong>di\u00a0<strong>Matteo Oleotto<\/strong>\u00a0(vincitore della Settimana Internazionale della Critica a Venezia) e<strong><em>TIR<\/em><\/strong>\u00a0di\u00a0<strong>Alberto Fasulo<\/strong>\u00a0(in concorso al Festival del Film di Roma). Un 2013 davvero intenso per la\u00a0<strong>casa di distribuzione indipendente<\/strong>\u00a0friulana, dunque, che del film dell\u2019Archibugi firma anche la\u00a0<strong>produzione<\/strong>\u00a0assieme ad\u00a0<strong>Agherose<\/strong>\u00a0e in collaborazione con il Centro Espressioni Cinematografiche, la Banca Popolare FriulAdria e il Mittelfest di Cividale del Friuli\u00a0\u00a0\u00a0\u00a0\u00a0\u00a0\u00a0<\/p>\n<p style=\"text-align: justify;\" class=\"ui-droppable\"> \tChe cos\u2019\u00e8, dunque,\u00a0<strong><em>Parole Povere<\/em><\/strong>? Prima di essere un documentario, \u00e8 la dolce collisione tra gli occhi di una regista e le parole, tutt\u2019altro che povere, di un poeta. Lei,\u00a0<strong>Francesca Archibugi<\/strong>, offre il suo sguardo, costruisce l\u2019ascolto, lui,\u00a0<strong>Pierluigi Cappello<\/strong>, offre la sua identit\u00e0 sorridente, restituisce la complessa naturalezza di chi \u00e8 nato \u00abal di qua di questi fogli\u00bb. Vita e creazione letteraria: quali distanze alimentano il rapporto? E di quali vicinanze, invece, si nutre?<\/p>\n<p style=\"text-align: justify;\" class=\"ui-droppable\"> \tLa macchina da presa cerca risposte facendo sempre un passo indietro, con affettuoso pudore, e documenta la verit\u00e0, la realt\u00e0, senza mai ricorrere a sovrastrutture intellettuali. Il montaggio racconta, non estetizza, la musica di\u00a0<strong>Battista Lena<\/strong>\u00a0diventa scansione narrativa, non arreda i silenzi, e la piccola storia di Pierluigi, che \u00e8 necessariamente anche la grande storia di una terra e di un popolo, scorre sullo schermo cos\u00ec come scorre nella quotidianit\u00e0. Le radici friulane e le testimonianze divertite degli amici. I luoghi e i ricordi. L\u2019ombra scura del 1976 e il profilo verde delle montagne. La sedia a rotelle che spezza la libert\u00e0 di un sedicenne e disegna, millimetro dopo millimetro, la libert\u00e0 di un uomo. Di un poeta. Di un guerriero mite e gentile che abita \u00abtra l\u2019ultima parola detta e la prima nuova da dire\u00bb.\u00a0<\/p>\n<p style=\"text-align: justify;\" class=\"ui-droppable\"> \t<strong>Francesca Archibugi<\/strong>, che ha legato il suo nome a piccoli grandi film come\u00a0<em>Mignon \u00e8 partita\u00a0<\/em>o <em>Lezioni di volo<\/em>, racconta cos\u00ec l\u2019incontro con\u00a0<strong>Cappello<\/strong>: \u00abLa prima volta \u00e8 stata due anni fa, quando ho comprato la raccolta di poesie\u00a0<em>Mandate a dire all&#8217;imperatore\u00a0<\/em>con cui aveva appena vinto il Premio Viareggio. Non sono un\u2019esperta di poesia, ma una lettrice appassionata. Mi serve avere un libro di poesia contemporanea sul comodino, perch\u00e9 \u00e8 il pi\u00f9 forte antidoto contro l\u2019ansia e la noia. Mi sono avvicinata a Pierluigi quando \u00e8 diventato il mio compagno di comodino. Non ci conoscevamo, eppure eravamo gi\u00e0 intimi\u2026\u00bb. E ancora: \u00abLe poesie di Cappello sono\u00a0 piene di immagini e forse le ho perfino sognate. Non sapevo nulla della sua vicenda\u00a0 personale, dell&#8217;incidente di moto a sedici anni e della sua vita in carrozzina da allora.\u00a0 Nessun indizio dalle poesie:\u00a0<strong>nei suoi versi Pierluigi corre, a volte vola<\/strong>\u00bb.<\/p>\n","protected":false},"excerpt":{"rendered":"<p>Prodotto dalla Tucker<\/p>\n","protected":false},"author":28,"featured_media":12436,"comment_status":"closed","ping_status":"closed","sticky":false,"template":"","format":"standard","meta":{"dwc-title":[],"dwc-content":[],"footnotes":""},"categories":[37],"tags":[],"class_list":["post-12435","post","type-post","status-publish","format-standard","has-post-thumbnail","hentry","category-cultura-e-spettacolo"],"rttpg_featured_image_url":{"full":["https:\/\/imagazine.it\/wp-content\/uploads\/2024\/01\/2920-1.webp",379,260,false],"landscape":["https:\/\/imagazine.it\/wp-content\/uploads\/2024\/01\/2920-1.webp",379,260,false],"portraits":["https:\/\/imagazine.it\/wp-content\/uploads\/2024\/01\/2920-1.webp",379,260,false],"thumbnail":["https:\/\/imagazine.it\/wp-content\/uploads\/2024\/01\/2920-1-150x150.webp",150,150,true],"medium":["https:\/\/imagazine.it\/wp-content\/uploads\/2024\/01\/2920-1-300x206.webp",300,206,true],"large":["https:\/\/imagazine.it\/wp-content\/uploads\/2024\/01\/2920-1.webp",379,260,false],"thumblist":["https:\/\/imagazine.it\/wp-content\/uploads\/2024\/01\/2920-1.webp",300,206,false],"thumbrelated":["https:\/\/imagazine.it\/wp-content\/uploads\/2024\/01\/2920-1.webp",379,260,false],"meccarouselthumb":["https:\/\/imagazine.it\/wp-content\/uploads\/2024\/01\/2920-1.webp",379,260,false],"gridsquare":["https:\/\/imagazine.it\/wp-content\/uploads\/2024\/01\/2920-1.webp",379,260,false],"tileview":["https:\/\/imagazine.it\/wp-content\/uploads\/2024\/01\/2920-1.webp",300,206,false],"1536x1536":["https:\/\/imagazine.it\/wp-content\/uploads\/2024\/01\/2920-1.webp",379,260,false],"2048x2048":["https:\/\/imagazine.it\/wp-content\/uploads\/2024\/01\/2920-1.webp",379,260,false],"newsup-slider-full":["https:\/\/imagazine.it\/wp-content\/uploads\/2024\/01\/2920-1.webp",379,260,false],"newsup-featured":["https:\/\/imagazine.it\/wp-content\/uploads\/2024\/01\/2920-1.webp",379,260,false],"newsup-medium":["https:\/\/imagazine.it\/wp-content\/uploads\/2024\/01\/2920-1.webp",379,260,false],"tptn_thumbnail":["https:\/\/imagazine.it\/wp-content\/uploads\/2024\/01\/2920-1.webp",250,172,false],"sow-carousel-default":["https:\/\/imagazine.it\/wp-content\/uploads\/2024\/01\/2920-1-272x182.webp",272,182,true]},"rttpg_author":{"display_name":"redazione","author_link":"https:\/\/imagazine.it\/home_desk\/author\/redazione\/"},"rttpg_comment":0,"rttpg_category":"<a href=\"https:\/\/imagazine.it\/home_desk\/category\/cultura-e-spettacolo\/\" rel=\"category tag\">CULTURA&amp;SPETTACOLO<\/a>","rttpg_excerpt":"Prodotto dalla Tucker","_links":{"self":[{"href":"https:\/\/imagazine.it\/home_desk\/wp-json\/wp\/v2\/posts\/12435","targetHints":{"allow":["GET"]}}],"collection":[{"href":"https:\/\/imagazine.it\/home_desk\/wp-json\/wp\/v2\/posts"}],"about":[{"href":"https:\/\/imagazine.it\/home_desk\/wp-json\/wp\/v2\/types\/post"}],"author":[{"embeddable":true,"href":"https:\/\/imagazine.it\/home_desk\/wp-json\/wp\/v2\/users\/28"}],"replies":[{"embeddable":true,"href":"https:\/\/imagazine.it\/home_desk\/wp-json\/wp\/v2\/comments?post=12435"}],"version-history":[{"count":0,"href":"https:\/\/imagazine.it\/home_desk\/wp-json\/wp\/v2\/posts\/12435\/revisions"}],"wp:featuredmedia":[{"embeddable":true,"href":"https:\/\/imagazine.it\/home_desk\/wp-json\/wp\/v2\/media\/12436"}],"wp:attachment":[{"href":"https:\/\/imagazine.it\/home_desk\/wp-json\/wp\/v2\/media?parent=12435"}],"wp:term":[{"taxonomy":"category","embeddable":true,"href":"https:\/\/imagazine.it\/home_desk\/wp-json\/wp\/v2\/categories?post=12435"},{"taxonomy":"post_tag","embeddable":true,"href":"https:\/\/imagazine.it\/home_desk\/wp-json\/wp\/v2\/tags?post=12435"}],"curies":[{"name":"wp","href":"https:\/\/api.w.org\/{rel}","templated":true}]}}