{"id":12427,"date":"2013-10-25T00:00:00","date_gmt":"2013-10-24T23:00:00","guid":{"rendered":"https:\/\/imagazine.it\/?p=12427"},"modified":"2013-10-25T00:00:00","modified_gmt":"2013-10-24T23:00:00","slug":"trieste-capitale-della-fantascienza","status":"publish","type":"post","link":"https:\/\/imagazine.it\/home_desk\/trieste-capitale-della-fantascienza\/","title":{"rendered":"Trieste capitale della fantascienza"},"content":{"rendered":"<p style=\"text-align: justify;\" class=\"ui-droppable\"> \tTrieste torna ad essere la capitale della fantascienza <strong>dal 30 ottobre al 3 novembre 2013<\/strong> con la <strong>tredicesima edizione<\/strong> di \u201c<strong>Trieste<\/strong> <strong>Science+Fiction\u201d<\/strong>, manifestazione internazionale organizzata da <strong>La Cappella Underground <\/strong>nel capoluogo giuliano, che quest&#8217;anno celebrer\u00e0 il 50esimo anniversario del primo storico Festival Internazionale del Film di Fantascienza.<\/p>\n<p style=\"text-align: justify;\" class=\"ui-droppable\"> \t<strong>\u201cTrieste Science+Fiction\u201d<\/strong>, nuovo festival della fantascienza nato nell&#8217;anno 2000, \u00e8 manifestazione dedicata all\u2019esplorazione dei mondi del fantastico, dei linguaggi sperimentali e delle nuove tecnologie nelle produzioni di cinema, televisione, arti visive e dello spettacolo.<\/p>\n<p style=\"text-align: justify;\" class=\"ui-droppable\"> \tIl festival \u00e8 organizzata dal centro ricerche e sperimentazioni cinematografiche e audiovisive <strong><em>La Cappella Underground<\/em><\/strong> con la collaborazione e il sostegno del <strong>Ministero per i Beni e le Attivit\u00e0 Culturali \u2013 Direzione Generale Cinema<\/strong>, della<strong> Regione Autonoma Friuli Venezia Giulia<\/strong>, della <strong>Provincia di Trieste<\/strong>, del <strong>Comune di Trieste<\/strong>, della <strong>Camera di Commercio di Trieste<\/strong>, dell\u2019<strong>Universit\u00e0 di Trieste<\/strong>, della<strong> Fondazione CRTrieste<\/strong>, della <strong>Fondazione Benefica Alberto &#038; Kathleen Casali <\/strong>e dell&#8217;associazione<strong> Casa del Cinema di Trieste<\/strong>.<\/p>\n<p style=\"text-align: justify;\" class=\"ui-droppable\"> \tIl Festival si avvale inoltre del patrocinio di alcune delle principali istituzioni scientifiche cittadine: <strong>AREA Science Park<\/strong>, <strong>ICGEB &#8211; Centro Internazionale di Ingegneria Genetica e Biotecnologia<\/strong>, <strong>ICTP &#8211; Centro Internazionale di Fisica Teorica<\/strong>, <strong>INAF &#8211; Osservatorio Astronomico di Trieste<\/strong>, <strong>Science Center \u2013 Immaginario Scientifico<\/strong>, <strong>SISSA &#8211; Scuola Internazionale Superiore di Studi Avanzati<\/strong>.<\/p>\n<p style=\"text-align: justify;\" class=\"ui-droppable\"> \tLa sede principale di <strong>\u201cTrieste Science+Fiction\u201d<\/strong>, dopo il successo dell&#8217;esperienza dello scorso anno, sar\u00e0 la <strong>Sala Tripcovich<\/strong>, grazie alla collaborazione del <strong>Comune di Trieste <\/strong>e della<strong> Fondazione Teatro Lirico Giuseppe Verdi<\/strong>. L&#8217;adiacente palazzo della <strong>Casa del Cinema<\/strong>, sede delle principali associazioni di cultura cinematografica cittadine, sar\u00e0 il quartier generale dell&#8217;organizzazione, e con la collaborazione del <strong>Teatro Miela <\/strong>ospiter\u00e0 le sezioni collaterali del festival. Inoltre, nel restaurato spazio espositivo del <strong>Magazzino delle Idee<\/strong>, con la collaborazione della <strong>Provincia di Trieste<\/strong>, <strong>dal 26 ottobre al 24 novembre<\/strong> sar\u00e0 aperta al pubblico una mostra di materiali iconografici per celebrare il <strong>50esimo anniversario del<\/strong> <strong>\u201cFestival Internazionale del Film di fantascienza\u201d<\/strong>, la cui prima edizione si svolse a Trieste nel 1963 e che nell&#8217;arco di vent&#8217;anni, fino al 1982, ospit\u00f2 nel capoluogo del Friuli Venezia Giulia grandi personalit\u00e0 come Forrest J Ackerman, Arthur C. Clarke, Roger Corman, Umberto Eco, Riccardo Freda, Frederik Pohl, Bertrand Tavernier. La Mostra, intitolata <strong>I giorni dei mostri e delle astronavi. 50 anni di fantascienza a Trieste<\/strong> verr\u00e0 inaugurata <strong>venerd\u00ec 25 ottobre alle 18.00<\/strong>; ospite speciale, in questa occasione, sar\u00e0 lo scrittore di science fiction statunitense <strong>Bruce Sterling<\/strong>.<\/p>\n<p style=\"text-align: justify;\" class=\"ui-droppable\"> \tOspite d&#8217;onore di questa edizione di <strong>\u201cTrieste Science+Fiction\u201d<\/strong> sar\u00e0 il regista premio Oscar <strong>Gabriele Salvatores<\/strong>, al quale il festival assegner\u00e0 il premio alla carriera <strong>Urania d&#8217;Argento<\/strong> (in collaborazione con la rivista Mondadori <em>Urania<\/em>). Autore nel 1996 con <em>Nirvana <\/em>del pi\u00f9 grande successo di pubblico nel cinema di fantascienza italiano, il regista di <em>Mediterraneo<\/em>, <em>Denti<\/em>, <em>Io non ho paura<\/em>, <em>Come<\/em> <em>Dio comanda<\/em>, <em>Educazione<\/em> <em>siberiana<\/em>, da sempre attento al cinema di genere e all&#8217;utilizzo delle nuove tecnologie, incontrer\u00e0 il pubblico della kermesse e sar\u00e0 al centro di un programma speciale,\u00a0 che prevede la proiezione di <strong>Nirvana<\/strong> e di <strong>Sogno di una notte d&#8217;estate<\/strong>, realizzato in collaborazione con il<strong> Centro Sperimentale di cinematografia \u2013 Cineteca Nazionale<\/strong>. Salvatores \u00e8 attualmente impegnato a Trieste, grazie alla collaborazione della <strong>FVG Film Commission<\/strong>, sul set del suo nuovo lungometraggio <strong>The Invisible Boy<\/strong> (<em>Il ragazzo invisibile<\/em>), romanzo di formazione in chiave fantasy prodotto dalla Indigo Film con RAI Cinema.<\/p>\n<p style=\"text-align: justify;\" class=\"ui-droppable\"> \tAnche quest&#8217;anno, il cinema sar\u00e0 dunque al centro della kermesse, con <strong>anteprime nazionali e internazionali <\/strong>delle migliori produzioni nel genere<strong> science fiction, fantasy e horror<\/strong>. La selezione ufficiale presenter\u00e0 due<strong> concorsi internazionali<\/strong>: filmakers indipendenti da tutto il mondo si contenderanno il <strong>Premio <em>Asteroide<\/em><\/strong> per il miglior lungometraggio di fantascienza; la competizione europea per il <strong><em>Premio M\u00e9li\u00e8s d\u2019Argento<\/em><\/strong> al miglior film fantastico e al miglior cortometraggio \u00e8 organizzata in collaborazione con la <strong><em>European Fantastic Film Festivals Federation<\/em><\/strong>.<\/p>\n<p style=\"text-align: justify;\" class=\"ui-droppable\"> \tAppartengono alla selezione ufficiale \u2013 Concorso (Asteroide e M\u00e9li\u00e8s) tredici anteprime, a partire da <strong>Byzantium<\/strong> di Neil Jordan, nuova incursione nel mondo dei vampiri per il regista irlandese premio Oscar, autore di film del fantastico come <em>The Company of Wolves<\/em> e <em>Interview with the Vampire<\/em>, e produttore della serie tv<em> I Borgia<\/em>; <strong>The Colony <\/strong>di Jeff Renfroe, lungometraggio canadese con un cast di star come Laurence Fishburne, Kevin Zegers, Bill Paxton, storia di un gruppo di sopravvissuti costretti alla clandestinit\u00e0 da un&#8217;imminente era glaciale; <strong>The Desert<\/strong> (<em>El desierto<\/em>), lungometraggio d&#8217;esordio del tedesco Christoph Behl, prodotto e girato in Argentina, ispirato liberamente all\u2019opera teatrale <em>A porte chiuse<\/em> di Jean-Paul Sartre e ambientato in un mondo post-apocalittico; <strong>Rio 2096<\/strong> (<em>Uma Hist\u00f3ria de Amor e F\u00faria<\/em>) di Luiz Bolognesi, film di animazione che percorre la storia del Brasile dal 1500 al futuro, gi\u00e0 vincitore del prestigioso premio Cristal al Festival di Annecy; <strong>The Strange Colour of Your Body&#8217;s Tears<\/strong> (<em>L&#8217;Etrange Couleur des Larmes de Ton Corps<\/em>) di Helene Cattet e Bruno Forzani, nuovo omaggio al Giallo italiano dagli autori del cult movie <em>Amer<\/em>; <strong>Upstream Color<\/strong>, opera seconda di Shane Carruth (gi\u00e0 trionfatore al Sundance con <em>Primer<\/em>), enigmatico ed ipnotico thriller fantascientifico incentrato su un uomo e una donna vittime di uno stesso esperimento; <strong>Europa Report<\/strong> di Sebasti\u00e1n Cordero, lungometraggio in stile found footage che racconta del primo viaggio verso Europa, satellite di Giove, per un equipaggio multirazziale alla ricerca di forme di vita aliene. Dagli USA arriva anche <strong>Big Ass Spider! <\/strong>di Mike Mendez, rilettura dei classici sci-fi sul tema dei mostri giganti, con un mastodontico ragno alieno in fuga da un laboratorio militare e pronto a riversare\u00a0 la sua furia distruttiva su Los Angeles. E&#8217; una produzione olandese <strong>Frankenstein\u2019s Army<\/strong> di Richard Raaphorst, zombie-movie ambientato alla fine della seconda guerra mondiale, con un esercito ispirato agli esperimenti del Dr. Frankenstein ai comandi delle truppe naziste. <strong>The Returned<\/strong> del regista spagnolo Manuel Carballo propone lo scenario di un mondo post-apocalittico infettato da un virus, dove i contagiati vivono un&#8217;esistenza normale grazie a una proteina in via di esaurimento. <strong>Robot &#038; Frank<\/strong> dell&#8217;esordiente Jake Schreier, con protagonista Frank Langella, racconta la bizzarra amicizia di un uomo segnato dall&#8217;Alzheimer con un androide programmato per fargli da badante. Dalla Spagna, arriva <strong>Painless<\/strong> (<em>Insensibles<\/em>) di Juan Carlos Medina, \u00e8 il 1931 e da qualche parte fra i Pirenei i bambini nascono con una malattia sconosciuta e sono un pericolo incontrollabile per se stessi e per tutti quelli che li circondano; infine, <strong>The Station<\/strong> (<em>Blutgletscher<\/em>) di Marvin Kren, fantahorror che racconta la storia di Janek, tecnico in una stazione di osservazione climatica di alta quota nelle Alpi, alle prese con una inquietante scoperta. Due i titoli Fuori Concorso: <strong>Real<\/strong> (<em>Riaru<\/em>), dramma sci-fi diretto dal maestro giapponese Kiyoshi Kurosawa, tratto dal romanzo bestseller <em>A Perfect Day for Plesiosaur<\/em> di Rokuro Inui; e la storia di fantasmi <strong>Haunter,<\/strong> diretta dal regista canadese Vincenzo Natali, gi\u00e0 autore di cult movies come <em>Cube<\/em>, <em>Nothing<\/em>, <em>Splice<\/em>.<\/p>\n<p style=\"text-align: justify;\" class=\"ui-droppable\"> \tInfine, la ricca <strong>Selezione di cortometraggi fantastici europei<\/strong> <strong>(European Fantastic Shorts) <\/strong>&#8211; in collaborazione con l\u2019EFFFF &#8211; finalizzata anche quest\u2019anno al <strong>M\u00e9li\u00e8s d&#8217;Argento<\/strong> per il miglior cortometraggio fantastico europeo, che concorrer\u00e0 successivamente per il prestigioso premio <strong>M\u00e9li\u00e8s d\u2019Or<\/strong>; il programma sar\u00e0 affiancato per la prima volta da una <strong>Selezione di cortometraggi internazionali di science fiction<\/strong>.<\/p>\n<p style=\"text-align: justify;\" class=\"ui-droppable\"> \tDue giornate di proiezioni e incontri, <strong>venerd\u00ec 1 novembre\/sabato 2 novembre<\/strong>,\u00a0 saranno dedicate alle pi\u00f9 recenti produzioni italiane di fantascienza sotto la sigla <strong>Spazio Italia<\/strong>: lungometraggi e cortometraggi di recente produzione, provenienti dal nostro Paese. La sezione ospiter\u00e0 un<strong> omaggio ad Antonio Margheriti <\/strong>con la proiezione del documentario <strong>The Outsider <\/strong>realizzato dal figlio Edoardo Margheriti nel decennale della scomparsa del Maestro. <strong>Corto Italia<\/strong>, sessione dedicata alle produzioni di breve durata, sar\u00e0 affiancata da un evento speciale dedicato al fan film <strong>Dark Resurrection<\/strong> di Angelo Licata, e dal documentario fanta-sociale <strong>Space Metropoliz<\/strong> di Fabrizio Boni e Giorgio de Finis. Ci saranno inoltre due importanti anteprime nazionali: <strong>12.12.12<\/strong>, fantacommedia diretta dal musicista Massimo Morini che racconta il complotto celato dietro alla profezia della fine del mondo; e <strong>Report 51<\/strong> (2013) di Alessio Liguori, un adrenalinico film in stile <em>found footage<\/em>, centrato su un terribile attacco alieno ripreso da un gruppo di ragazzi in fuga. Arriva a Trieste l&#8217;horror sopranaturale di Lorenzo Bianchini <strong><em>Across the river <\/em><\/strong>(Oltre il guado, 2013), ambientato nelle valli al confine tra il Friuli e la Slovenia, nella zona di Topol\u00f2, e prodotto dalla societ\u00e0 triestina IG.<\/p>\n<p style=\"text-align: justify;\" class=\"ui-droppable\"> \tSpazio anche per l&#8217;anteprima della versione italiana del documentario <strong>\u201cMaksimovi\u010d. La storia di Bruno Pontecorvo\u201d<\/strong>, biografia\u00a0 del grande fisico nucleare italiano Bruno Pontecorvo, nato 100 anni fa e passato agli onori della cronaca per la sua scelta di varcare nel 1950 la Cortina di Ferro e lavorare per l&#8217;Unione Sovietica; il film diretto da Diego Cenetiempo e scritto da Giuseppe Mussardo, vede tra i produttori alcuni tra i centri scientifici internazionali pi\u00f9 importanti che hanno sede proprio a Trieste come la SISSA, l&#8217;ICTP e l&#8217;INFN.<\/p>\n<p style=\"text-align: justify;\" class=\"ui-droppable\"> \tIl <strong>manifesto del festival<\/strong> \u00e8 un <strong>disegno originale<\/strong> realizzato dall&#8217;illustratore e fumettista triestino <strong>Mario Alberti<\/strong>, disegnatore per la casa editrice Bonelli di numerosi albi delle collane di <em>Nathan Never<\/em> e <em>Legs Weaver<\/em>, autore con Luca Enoch della serie <em>Morgana<\/em> per l\u2019editore francese Les Humanoides Associes, collaboratore della Dc Comics e della Marvel, fra i realizzatori di <em>Les Chroniques de L\u00e9gion <\/em>per le edizioni francesi Glenat, attualmente all&#8217;opera sulla mini-serie <em>Cutting Edge,<\/em> scritta da Francesco Dimitri e pubblicata da Delcourt.<\/p>\n","protected":false},"excerpt":{"rendered":"<p>Dal 30 ottobre al 3 novembre ritorna Science&#038;Fiction<\/p>\n","protected":false},"author":28,"featured_media":12428,"comment_status":"closed","ping_status":"closed","sticky":false,"template":"","format":"standard","meta":{"dwc-title":[],"dwc-content":[],"footnotes":""},"categories":[6],"tags":[],"class_list":["post-12427","post","type-post","status-publish","format-standard","has-post-thumbnail","hentry","category-societa"],"rttpg_featured_image_url":{"full":["https:\/\/imagazine.it\/wp-content\/uploads\/2024\/01\/2845-1.webp",411,260,false],"landscape":["https:\/\/imagazine.it\/wp-content\/uploads\/2024\/01\/2845-1.webp",411,260,false],"portraits":["https:\/\/imagazine.it\/wp-content\/uploads\/2024\/01\/2845-1.webp",411,260,false],"thumbnail":["https:\/\/imagazine.it\/wp-content\/uploads\/2024\/01\/2845-1-150x150.webp",150,150,true],"medium":["https:\/\/imagazine.it\/wp-content\/uploads\/2024\/01\/2845-1-300x190.webp",300,190,true],"large":["https:\/\/imagazine.it\/wp-content\/uploads\/2024\/01\/2845-1.webp",411,260,false],"thumblist":["https:\/\/imagazine.it\/wp-content\/uploads\/2024\/01\/2845-1.webp",300,190,false],"thumbrelated":["https:\/\/imagazine.it\/wp-content\/uploads\/2024\/01\/2845-1.webp",411,260,false],"meccarouselthumb":["https:\/\/imagazine.it\/wp-content\/uploads\/2024\/01\/2845-1.webp",411,260,false],"gridsquare":["https:\/\/imagazine.it\/wp-content\/uploads\/2024\/01\/2845-1.webp",391,247,false],"tileview":["https:\/\/imagazine.it\/wp-content\/uploads\/2024\/01\/2845-1.webp",300,190,false],"1536x1536":["https:\/\/imagazine.it\/wp-content\/uploads\/2024\/01\/2845-1.webp",411,260,false],"2048x2048":["https:\/\/imagazine.it\/wp-content\/uploads\/2024\/01\/2845-1.webp",411,260,false],"newsup-slider-full":["https:\/\/imagazine.it\/wp-content\/uploads\/2024\/01\/2845-1.webp",411,260,false],"newsup-featured":["https:\/\/imagazine.it\/wp-content\/uploads\/2024\/01\/2845-1.webp",411,260,false],"newsup-medium":["https:\/\/imagazine.it\/wp-content\/uploads\/2024\/01\/2845-1.webp",411,260,false],"tptn_thumbnail":["https:\/\/imagazine.it\/wp-content\/uploads\/2024\/01\/2845-1.webp",250,158,false],"sow-carousel-default":["https:\/\/imagazine.it\/wp-content\/uploads\/2024\/01\/2845-1-272x182.webp",272,182,true]},"rttpg_author":{"display_name":"redazione","author_link":"https:\/\/imagazine.it\/home_desk\/author\/redazione\/"},"rttpg_comment":0,"rttpg_category":"<a href=\"https:\/\/imagazine.it\/home_desk\/category\/societa\/\" rel=\"category tag\">SOCIET\u00c0<\/a>","rttpg_excerpt":"Dal 30 ottobre al 3 novembre ritorna Science&Fiction","_links":{"self":[{"href":"https:\/\/imagazine.it\/home_desk\/wp-json\/wp\/v2\/posts\/12427","targetHints":{"allow":["GET"]}}],"collection":[{"href":"https:\/\/imagazine.it\/home_desk\/wp-json\/wp\/v2\/posts"}],"about":[{"href":"https:\/\/imagazine.it\/home_desk\/wp-json\/wp\/v2\/types\/post"}],"author":[{"embeddable":true,"href":"https:\/\/imagazine.it\/home_desk\/wp-json\/wp\/v2\/users\/28"}],"replies":[{"embeddable":true,"href":"https:\/\/imagazine.it\/home_desk\/wp-json\/wp\/v2\/comments?post=12427"}],"version-history":[{"count":0,"href":"https:\/\/imagazine.it\/home_desk\/wp-json\/wp\/v2\/posts\/12427\/revisions"}],"wp:featuredmedia":[{"embeddable":true,"href":"https:\/\/imagazine.it\/home_desk\/wp-json\/wp\/v2\/media\/12428"}],"wp:attachment":[{"href":"https:\/\/imagazine.it\/home_desk\/wp-json\/wp\/v2\/media?parent=12427"}],"wp:term":[{"taxonomy":"category","embeddable":true,"href":"https:\/\/imagazine.it\/home_desk\/wp-json\/wp\/v2\/categories?post=12427"},{"taxonomy":"post_tag","embeddable":true,"href":"https:\/\/imagazine.it\/home_desk\/wp-json\/wp\/v2\/tags?post=12427"}],"curies":[{"name":"wp","href":"https:\/\/api.w.org\/{rel}","templated":true}]}}