{"id":12379,"date":"2013-09-06T00:00:00","date_gmt":"2013-09-05T23:00:00","guid":{"rendered":"https:\/\/imagazine.it\/?p=12379"},"modified":"2013-09-06T00:00:00","modified_gmt":"2013-09-05T23:00:00","slug":"memorie-di-guerra-per-un-futuro-di-pace","status":"publish","type":"post","link":"https:\/\/imagazine.it\/home_desk\/memorie-di-guerra-per-un-futuro-di-pace\/","title":{"rendered":"\u00abMemorie di guerra per un futuro di pace\u00bb"},"content":{"rendered":"<p style=\"text-align: justify;\" class=\"ui-droppable\"> \t<em>POT MIRU \u2013 VIA DI PACE \u00e8 il progetto turistico\/culturale pi\u00f9 ambizioso che sia mai stato intrapreso nella fascia di confine fra Italia e Slovenia: alla vigilia del centenario dallo scoppio della Prima Guerra Mondiale, il progetto prevede la creazione di un itinerario storico-naturalistico transfrontaliero che unisca tutti i luoghi simbolo del conflitto. Memorie di guerra per un futuro di pace: ne abbiamo parlato con <\/em><strong><em>Mara \u010cernic<\/em><\/strong><em>, vicepresidente della Provincia di Gorizia.<\/em><\/p>\n<p style=\"text-align: justify;\" class=\"ui-droppable\"> \t<strong>Qual \u00e8 l\u2019obiettivo di questo progetto?<\/strong><\/p>\n<p style=\"text-align: justify;\" class=\"ui-droppable\"> \t\u00abIl progetto POT MIRU-VIA DI PACE prevede di creare, nell\u2019area del confine italo-sloveno, un unico itinerario culturale transfrontaliero che colleghi i sentieri esistenti e valorizzi i lasciti storici, le tracce e l\u2019eredit\u00e0 culturale delle diverse regioni interessate e al contempo le ricchezze naturalistiche del territorio di confine. Quest\u2019area, se vista come teatro delle vicende legate alla Prima Guerra Mondiale, si presenta come uno dei siti pi\u00f9 ricchi di beni e lasciti storico-culturali relativi a tale periodo: un passato doloroso che oggi, per\u00f2, pu\u00f2 trovare una memoria condivisa anche grazie a questa iniziativa, tesa a rafforzare i rapporti tra cittadini di confine e il senso di appartenenza europea\u00bb.<\/p>\n<p style=\"text-align: justify;\" class=\"ui-droppable\"> \t<strong>Quali sono i soggetti coinvolti?<\/strong><\/p>\n<p style=\"text-align: justify;\" class=\"ui-droppable\"> \t\u00abAlla guida \u00e8 la Provincia di Gorizia, ma ci sono altri tredici partecipanti: le province di Trieste e Udine, la Comunit\u00e0 Montana del Gemonese, Canal Del Ferro e Valcanale, la Comunit\u00e0 Montana Torre Natisone Collio, la Fondazione \u2018Le Vie della Pace\u2019 &#8211; \u2018Fundacija Poti miru\u2019, che \u00e8 di fatto il project leader in Slovenia ed \u00e8 l\u2019ente che dal 2000 sta gi\u00e0 lavorando al progetto, l\u2019Associazione Temporanea di Scopo \u2018Jezik Lingua\u2019 e i Comuni di Gorizia, Monfalcone, Brda, Kanal Ob So\u010di, Komen, Miren &#8211; Kostanjevica, Nova Gorica e \u0160empeter &#8211; Vrtojba. Enti che rappresentano i relativi luoghi collegati dal futuro \u2018Parco Integrato POT MIRU \u2013 VIA DI PACE\u2019: in questi mesi di attivit\u00e0 progettuali, ogni partner sta mettendo in rilievo le risorse storico-naturali presenti sul proprio territorio\u00bb.<\/p>\n<p style=\"text-align: justify;\" class=\"ui-droppable\"> \t<strong>Quali sono i compiti di ogni istituzione partecipante?<\/strong><\/p>\n<p style=\"text-align: justify;\" class=\"ui-droppable\"> \t\u00abI partner progettuali prevedono di coordinarsi per la ricognizione di tutte le risorse presenti, di intervenire per rendere agevole il raggiungimento dei luoghi storici e per la creazione di un itinerario comune transfrontaliero: una vera e propria rete di memorie condivise della Prima Guerra Mondiale, al fi ne di realizzare un itinerario culturale comune dell\u2019area, gi\u00e0 peraltro ricca dal punto di vista naturalistico, da valorizzare attraverso attivit\u00e0 promozionali congiunte\u00bb.<\/p>\n<p style=\"text-align: justify;\" class=\"ui-droppable\"> \t<strong>In termini economici, quanto \u00e8 stato stanziato per questo progetto?<\/strong><\/p>\n<p style=\"text-align: justify;\" class=\"ui-droppable\"> \t\u00abIl budget totale ammonta a 1.000.000,00 di Euro, equamente suddiviso in base agli interventi specifici di ogni partner: un vero investimento per il futuro. Non a caso, il progetto \u00e8 da anni appoggiato dal Governo sloveno e da quest\u2019anno anche dal presidente della Repubblica slovena Borut Pahor. Questi ha presentato l\u2019idea al presidente italiano Giorgio Napolitano, che l\u2019ha sostenuta con convinzione\u00bb.<\/p>\n<p style=\"text-align: justify;\" class=\"ui-droppable\"> \t<strong>Quali ricadute pu\u00f2 avere un progetto cos\u00ec ampio dal punto di vista turistico?<\/strong><\/p>\n<p style=\"text-align: justify;\" class=\"ui-droppable\"> \t\u00abL\u2019area tra Alpi Carniche e Alpi Giulie, la sorgente e la foce dell\u2019Isonzo, il parco nazionale del Triglav, il parco naturale delle Prealpi Giulie e la riserva naturale allo sbocco dell\u2019Isonzo, il Carso e il Collio a cavallo del confine, \u00e8 straordinariamente ricca non solo per i lasciti culturali, ma anche per il suo patrimonio naturale e ambientale e per altre peculiarit\u00e0 che gi\u00e0 oggi rappresentano un eccellente prodotto turistico. L\u2019attuale offerta, tuttavia, appare talvolta frammentata: questo progetto \u00e8 tale da assicurare un impatto sull\u2019area anche nel lungo periodo e una visibilit\u00e0 europea. Pu\u00f2 essere un autentico volano: la creazione di un prodotto turistico\/culturale unico e integrato \u00e8 capace di migliorare moltissimo la competitivit\u00e0 dell\u2019area e la sua capacit\u00e0 di attrazione\u00bb.<\/p>\n<p style=\"text-align: justify;\" class=\"ui-droppable\"> \t<strong>E il vostro progetto Carso 2014+? Il principale progetto in regione di conservazione della memoria della Grande Guerra come si inserisce in questo contesto?<\/strong><\/p>\n<p style=\"text-align: justify;\" class=\"ui-droppable\"> \t\u00abCarso 2014+ \u00e8 parte integrante di POT MIRU: completa il progetto sul versante italiano del fronte carsico. Carso 2014+ \u00e8 un grandioso museo all\u2019aperto sul Carso isontino, che mette in rete le testimonianze della Grande Guerra attraverso un circuito che collega il Monte San Michele \u2013 simbolo delle battaglie dell\u2019Isonzo &#8211; il sacrario di Redipuglia e il cimitero austroungarico (luoghi sacri di commemorazione delle vittime della Grande Guerra) e la riserva dei laghi di Doberd\u00f2 e Pietrarossa: scenario unico dal punto di vista ambientale e naturalistico e simbolo di dolore per gli Ungheresi e gli Sloveni, che morirono sulla piana di Doberd\u00f2\u00bb.<\/p>\n","protected":false},"excerpt":{"rendered":"<p>Intervista a Mara \u010cernic, vicepresidente della Provincia di Gorizia<\/p>\n","protected":false},"author":28,"featured_media":12380,"comment_status":"closed","ping_status":"closed","sticky":false,"template":"","format":"standard","meta":{"dwc-title":[],"dwc-content":[],"footnotes":""},"categories":[8],"tags":[],"class_list":["post-12379","post","type-post","status-publish","format-standard","has-post-thumbnail","hentry","category-turismo"],"rttpg_featured_image_url":{"full":["https:\/\/imagazine.it\/wp-content\/uploads\/2024\/01\/2649-1.webp",391,260,false],"landscape":["https:\/\/imagazine.it\/wp-content\/uploads\/2024\/01\/2649-1.webp",391,260,false],"portraits":["https:\/\/imagazine.it\/wp-content\/uploads\/2024\/01\/2649-1.webp",391,260,false],"thumbnail":["https:\/\/imagazine.it\/wp-content\/uploads\/2024\/01\/2649-1-150x150.webp",150,150,true],"medium":["https:\/\/imagazine.it\/wp-content\/uploads\/2024\/01\/2649-1-300x199.webp",300,199,true],"large":["https:\/\/imagazine.it\/wp-content\/uploads\/2024\/01\/2649-1.webp",391,260,false],"thumblist":["https:\/\/imagazine.it\/wp-content\/uploads\/2024\/01\/2649-1.webp",300,199,false],"thumbrelated":["https:\/\/imagazine.it\/wp-content\/uploads\/2024\/01\/2649-1.webp",391,260,false],"meccarouselthumb":["https:\/\/imagazine.it\/wp-content\/uploads\/2024\/01\/2649-1.webp",391,260,false],"gridsquare":["https:\/\/imagazine.it\/wp-content\/uploads\/2024\/01\/2649-1.webp",391,260,false],"tileview":["https:\/\/imagazine.it\/wp-content\/uploads\/2024\/01\/2649-1.webp",300,199,false],"1536x1536":["https:\/\/imagazine.it\/wp-content\/uploads\/2024\/01\/2649-1.webp",391,260,false],"2048x2048":["https:\/\/imagazine.it\/wp-content\/uploads\/2024\/01\/2649-1.webp",391,260,false],"newsup-slider-full":["https:\/\/imagazine.it\/wp-content\/uploads\/2024\/01\/2649-1.webp",391,260,false],"newsup-featured":["https:\/\/imagazine.it\/wp-content\/uploads\/2024\/01\/2649-1.webp",391,260,false],"newsup-medium":["https:\/\/imagazine.it\/wp-content\/uploads\/2024\/01\/2649-1.webp",391,260,false],"tptn_thumbnail":["https:\/\/imagazine.it\/wp-content\/uploads\/2024\/01\/2649-1.webp",250,166,false],"sow-carousel-default":["https:\/\/imagazine.it\/wp-content\/uploads\/2024\/01\/2649-1-272x182.webp",272,182,true]},"rttpg_author":{"display_name":"redazione","author_link":"https:\/\/imagazine.it\/home_desk\/author\/redazione\/"},"rttpg_comment":0,"rttpg_category":"<a href=\"https:\/\/imagazine.it\/home_desk\/category\/turismo\/\" rel=\"category tag\">TURISMO<\/a>","rttpg_excerpt":"Intervista a Mara \u010cernic, vicepresidente della Provincia di Gorizia","_links":{"self":[{"href":"https:\/\/imagazine.it\/home_desk\/wp-json\/wp\/v2\/posts\/12379","targetHints":{"allow":["GET"]}}],"collection":[{"href":"https:\/\/imagazine.it\/home_desk\/wp-json\/wp\/v2\/posts"}],"about":[{"href":"https:\/\/imagazine.it\/home_desk\/wp-json\/wp\/v2\/types\/post"}],"author":[{"embeddable":true,"href":"https:\/\/imagazine.it\/home_desk\/wp-json\/wp\/v2\/users\/28"}],"replies":[{"embeddable":true,"href":"https:\/\/imagazine.it\/home_desk\/wp-json\/wp\/v2\/comments?post=12379"}],"version-history":[{"count":0,"href":"https:\/\/imagazine.it\/home_desk\/wp-json\/wp\/v2\/posts\/12379\/revisions"}],"wp:featuredmedia":[{"embeddable":true,"href":"https:\/\/imagazine.it\/home_desk\/wp-json\/wp\/v2\/media\/12380"}],"wp:attachment":[{"href":"https:\/\/imagazine.it\/home_desk\/wp-json\/wp\/v2\/media?parent=12379"}],"wp:term":[{"taxonomy":"category","embeddable":true,"href":"https:\/\/imagazine.it\/home_desk\/wp-json\/wp\/v2\/categories?post=12379"},{"taxonomy":"post_tag","embeddable":true,"href":"https:\/\/imagazine.it\/home_desk\/wp-json\/wp\/v2\/tags?post=12379"}],"curies":[{"name":"wp","href":"https:\/\/api.w.org\/{rel}","templated":true}]}}