{"id":12371,"date":"2013-08-30T00:00:00","date_gmt":"2013-08-29T23:00:00","guid":{"rendered":"https:\/\/imagazine.it\/?p=12371"},"modified":"2013-08-30T00:00:00","modified_gmt":"2013-08-29T23:00:00","slug":"chi-sara-la-piu-bella-della-regione","status":"publish","type":"post","link":"https:\/\/imagazine.it\/home_desk\/chi-sara-la-piu-bella-della-regione\/","title":{"rendered":"Chi sar\u00e0 la pi\u00f9 bella della regione?"},"content":{"rendered":"<p style=\"text-align: justify;\" class=\"ui-droppable\"> \tVerr\u00e0 recuperata domenica sera la Finalissima\u00a0di Miss Italia\u00a0in cui verr\u00e0 eletta Miss Friuli\u00a0Venezia Giulia\u00a02013, manifestazione gi\u00e0 programmata per la settimana scorsa e rinviata per mal tempo.<\/p>\n<p style=\"text-align: justify;\" class=\"ui-droppable\"> \tLa finalissima, che sar\u00e0 la tappa di chiusura della stagione 2013 di Miss Italia in regione, oltre ad eleggere Miss Italia Friuli Venezia Giulia 2013 assegner\u00e0 anche altre 5 fasce valide per le Prefinali Nazionali del concorso. Durante la manifestazione, che avr\u00e0 inizio alle ore 21 e si terr\u00e0 sulla spiaggia di Sistiana mare allo stabilimento balneare Castelreggio, verr\u00e0 presentata l\u2019intera \u201cpattuglia\u201d di ragazze che rappresenteranno la nostra regione alla 74a edizione del concorso.<\/p>\n<p style=\"text-align: justify;\" class=\"ui-droppable\"> \tLa serata sar\u00e0 condotta da <strong>Giulia Grilli<\/strong> che presenter\u00e0 le concorrenti in quattro momenti distinti; i primi due dedicati alla gara e in altri due dedicati alla moda, uno alla moda mare e uno agli abiti eleganti. Ospite della finalissima <strong>Luca Klobas<\/strong>, cabarettista veneto che a Zelig si era contraddistinto per le sue gag in cui interpretava il ruolo del lavoratore balcanico in Italia. Madrina della serata <strong>Beatrice Barazzutti<\/strong> Miss Friuli V. G. in carica.<\/p>\n","protected":false},"excerpt":{"rendered":"<p>Miss Friuli Venezia Giulia<\/p>\n","protected":false},"author":28,"featured_media":12372,"comment_status":"closed","ping_status":"closed","sticky":false,"template":"","format":"standard","meta":{"dwc-title":[],"dwc-content":[],"footnotes":""},"categories":[6],"tags":[],"class_list":["post-12371","post","type-post","status-publish","format-standard","has-post-thumbnail","hentry","category-societa"],"rttpg_featured_image_url":{"full":["https:\/\/imagazine.it\/wp-content\/uploads\/2024\/01\/2565-1.webp",350,273,false],"landscape":["https:\/\/imagazine.it\/wp-content\/uploads\/2024\/01\/2565-1.webp",350,273,false],"portraits":["https:\/\/imagazine.it\/wp-content\/uploads\/2024\/01\/2565-1.webp",350,273,false],"thumbnail":["https:\/\/imagazine.it\/wp-content\/uploads\/2024\/01\/2565-1-150x150.webp",150,150,true],"medium":["https:\/\/imagazine.it\/wp-content\/uploads\/2024\/01\/2565-1-300x234.webp",300,234,true],"large":["https:\/\/imagazine.it\/wp-content\/uploads\/2024\/01\/2565-1.webp",350,273,false],"thumblist":["https:\/\/imagazine.it\/wp-content\/uploads\/2024\/01\/2565-1.webp",300,234,false],"thumbrelated":["https:\/\/imagazine.it\/wp-content\/uploads\/2024\/01\/2565-1.webp",350,273,false],"meccarouselthumb":["https:\/\/imagazine.it\/wp-content\/uploads\/2024\/01\/2565-1.webp",350,273,false],"gridsquare":["https:\/\/imagazine.it\/wp-content\/uploads\/2024\/01\/2565-1.webp",333,260,false],"tileview":["https:\/\/imagazine.it\/wp-content\/uploads\/2024\/01\/2565-1.webp",300,234,false],"1536x1536":["https:\/\/imagazine.it\/wp-content\/uploads\/2024\/01\/2565-1.webp",350,273,false],"2048x2048":["https:\/\/imagazine.it\/wp-content\/uploads\/2024\/01\/2565-1.webp",350,273,false],"newsup-slider-full":["https:\/\/imagazine.it\/wp-content\/uploads\/2024\/01\/2565-1.webp",350,273,false],"newsup-featured":["https:\/\/imagazine.it\/wp-content\/uploads\/2024\/01\/2565-1.webp",350,273,false],"newsup-medium":["https:\/\/imagazine.it\/wp-content\/uploads\/2024\/01\/2565-1.webp",350,273,false],"tptn_thumbnail":["https:\/\/imagazine.it\/wp-content\/uploads\/2024\/01\/2565-1.webp",250,195,false],"sow-carousel-default":["https:\/\/imagazine.it\/wp-content\/uploads\/2024\/01\/2565-1-272x182.webp",272,182,true]},"rttpg_author":{"display_name":"redazione","author_link":"https:\/\/imagazine.it\/home_desk\/author\/redazione\/"},"rttpg_comment":0,"rttpg_category":"<a href=\"https:\/\/imagazine.it\/home_desk\/category\/societa\/\" rel=\"category tag\">SOCIET\u00c0<\/a>","rttpg_excerpt":"Miss Friuli Venezia Giulia","_links":{"self":[{"href":"https:\/\/imagazine.it\/home_desk\/wp-json\/wp\/v2\/posts\/12371","targetHints":{"allow":["GET"]}}],"collection":[{"href":"https:\/\/imagazine.it\/home_desk\/wp-json\/wp\/v2\/posts"}],"about":[{"href":"https:\/\/imagazine.it\/home_desk\/wp-json\/wp\/v2\/types\/post"}],"author":[{"embeddable":true,"href":"https:\/\/imagazine.it\/home_desk\/wp-json\/wp\/v2\/users\/28"}],"replies":[{"embeddable":true,"href":"https:\/\/imagazine.it\/home_desk\/wp-json\/wp\/v2\/comments?post=12371"}],"version-history":[{"count":0,"href":"https:\/\/imagazine.it\/home_desk\/wp-json\/wp\/v2\/posts\/12371\/revisions"}],"wp:featuredmedia":[{"embeddable":true,"href":"https:\/\/imagazine.it\/home_desk\/wp-json\/wp\/v2\/media\/12372"}],"wp:attachment":[{"href":"https:\/\/imagazine.it\/home_desk\/wp-json\/wp\/v2\/media?parent=12371"}],"wp:term":[{"taxonomy":"category","embeddable":true,"href":"https:\/\/imagazine.it\/home_desk\/wp-json\/wp\/v2\/categories?post=12371"},{"taxonomy":"post_tag","embeddable":true,"href":"https:\/\/imagazine.it\/home_desk\/wp-json\/wp\/v2\/tags?post=12371"}],"curies":[{"name":"wp","href":"https:\/\/api.w.org\/{rel}","templated":true}]}}