{"id":12284,"date":"2013-05-16T00:00:00","date_gmt":"2013-05-15T23:00:00","guid":{"rendered":"https:\/\/imagazine.it\/?p=12284"},"modified":"2013-05-16T00:00:00","modified_gmt":"2013-05-15T23:00:00","slug":"jazzfvg-nuovo-brand-comune","status":"publish","type":"post","link":"https:\/\/imagazine.it\/home_desk\/jazzfvg-nuovo-brand-comune\/","title":{"rendered":"JazzFVG, nuovo brand comune"},"content":{"rendered":"<p class=\"ui-droppable\"> \t\u00a0<\/p>\n<p style=\"text-align: justify;\" class=\"ui-droppable\"> \tPresentato oggi presso la Casa della Musica di via dei Capitelli a Trieste il nuovo marchio <strong>JAZZFVG<\/strong>, che riunisce in un unico simbolo, collettore di singole individualit\u00e0, le principali associazioni di musicisti e appassionati di jazz della nostra regione<em>.<\/em><\/p>\n<div class=\"image_box\">\n<div><a class=\"news_images\" href=\"\/imagazine_images\/2090.png\" title=\"Il nuovo marchio JazzFVG\"><img decoding=\"async\" id=\"image-2090\" style=\"width: 200px; position: relative;\" class=\"dragable_image ui-draggable\" src=\"\/imagazine_images\/2090\" alt=\"\" title=\"\"><\/a><\/div>\n<div style=\"width: 200px;\">\n<h6 style=\"text-align: left; line-height: 14px; font-size: 11px;\">Il nuovo marchio JazzFVG<\/h6>\n<\/div>\n<\/div>\n<p style=\"text-align: justify;\" class=\"ui-droppable\"> \t\u00abL\u2019ottica &#8211; rendono noto i promotori &#8211; \u00e8 quella del confronto e dello scambio, l\u2019obiettivo quello di far dialogare le diverse identit\u00e0 e valorizzare le tante proposte di qualit\u00e0 che il territorio del Friuli Venezia Giulia offre in ambito jazz.<\/p>\n<p style=\"text-align: justify;\" class=\"ui-droppable\"> \tJAZZFVG,\u00a0un marchio che \u00e8 e vuole rimanere aperto a eventuali nuove adesioni, si propone di diventare punto d\u2019incontro sinergico delle diverse realt\u00e0 che nel nostro territorio si occupano di far conoscere e di promuovere questo linguaggio, rendendo il Friuli Venezia Giulia una delle regioni pi\u00f9 jazzistiche d\u2019Italia.<\/p>\n<p style=\"text-align: justify;\" class=\"ui-droppable\"> \tFare sistema \u00e8 ormai una necessit\u00e0 imprescindibile, soprattutto in un momento di crisi, in cui le risorse economiche scarseggiano ma le energie e le idee non mancano. E\u2019 un patrimonio intellettuale questo che non pu\u00f2 andare disperso e richiede piuttosto di essere incanalato, nel comune intento di\u00a0sostenere e salvaguardare la lunga tradizione jazzistica della nostra regione, che pu\u00f2 vantare un cos\u00ec ampio cartello di proposte, da quelle maggiormente legate alla tradizione a quelle con un respiro pi\u00f9 innovativo e teso all&#8217;avanguardia. \u00a0<\/p>\n<p style=\"text-align: justify;\" class=\"ui-droppable\"> \tNegli anni gli eventi legati al jazz in Friuli Venezia Giulia hanno seguito formule e percorsi diversi, utilizzando spazi differenti e alternando sul palcoscenico grandi nomi internazionali e giovani promesse locali. Ma tutte le iniziative hanno testimoniato l\u2019unicit\u00e0 e la grande vitalit\u00e0 creativa riconosciute alla nostra regione. Lo hanno fatto con un uso rigoroso delle risorse e con un rapporto vero e profondo con il territorio regionale nelle sue caratteristiche naturali, paesaggistiche, storiche e culturali. Chi si occupa di jazz vive e lavora in questo territorio con i suoi artisti e operatori. Una grande risorsa di creativit\u00e0 e di professionalit\u00e0.<\/p>\n<div class=\"image_box\">\n<div><a class=\"news_images\" href=\"\/imagazine_images\/2091.png\" title=\"La Joe Jackson Band alla scorsa edizione di Jazz&#038; Wine of Peace (ph. Luca D'Agostino - Phocus Agency)\"><img decoding=\"async\" id=\"image-2091\" style=\"width: 200px; position: relative;\" class=\"dragable_image ui-draggable\" src=\"\/imagazine_images\/2091\" alt=\"\" title=\"\"><\/a><\/div>\n<div style=\"width: 200px;\">\n<h6 style=\"text-align: left; line-height: 14px; font-size: 11px;\">La Joe Jackson Band alla scorsa edizione di Jazz&#038; Wine of Peace (ph. Luca D&#8217;Agostino &#8211; Phocus Agency)<\/h6>\n<\/div>\n<\/div>\n<p style=\"text-align: justify;\" class=\"ui-droppable\"> \tTerritorio di frontiera, e forse proprio per questo pi\u00f9 aperto ai contatti e agli scambi,\u00a0il Friuli Venezia Giulia anche in tema di musica jazz ha costantemente ribadito la sua vocazione ad essere crocevia di culture e di idee.<\/p>\n<p style=\"text-align: justify;\" class=\"ui-droppable\"> \tIl marchio JAZZFVG si propone come un collettore di tutte le realt\u00e0 friulane e giuliane legate alla cultura jazz, intesa nella sua accezione pi\u00f9 vasta, al fine di favorire la loro interazione e lo scambio delle reciproche esperienze.<\/p>\n<p style=\"text-align: justify;\" class=\"ui-droppable\"> \tCreare un legame pi\u00f9 stretto fra le diverse associazioni e organizzazioni della scena jazzistica regionale \u00e8 anche un modo per stringere vincoli pi\u00f9 saldi con il territorio e per aumentare la visibilit\u00e0 di ogni singola iniziativa che sceglier\u00e0 di connotarsi e riunirsi sotto questo marchio, nella convinzione profonda che la qualit\u00e0 delle nostre proposte musicali porti concreti vantaggi in termini di crescita, non solo culturale ma anche sociale ed economica\u00bb.<\/p>\n<p style=\"text-align: justify;\" class=\"ui-droppable\"> \tAderiscono al marchio le manifestazioni\u00a0<em>Trieste Loves Jazz, All Frontiers (Gradisca d\u2019Isonzo), Jazz &#038; Wine of Peace Festival (Corm\u00f2ns), San Vito Jazz, Udin&#038;Jazz, Il Volo del Jazz (Sacile).<\/em><\/p>\n<p style=\"text-align: justify;\" class=\"ui-droppable\"> \tAlla presentazione hanno partecipato\u00a0<strong>Gabriele Centis<\/strong> (organizzatore di \u201cTrieste Loves Jazz\u201d),\u00a0<strong>Giancarlo Velliscig<\/strong> (direttore artistico di \u201cUdin&#038;Jazz\u201d),\u00a0<strong>Claudio Corr\u00e0<\/strong> e <strong>Paola Martini<\/strong>, organizzatori dei festival \u201cJazz &#038; Wine of Peace\u201d (Corm\u00f2ns) e \u201cIl Volo del Jazz\u201d (Sacile),\u00a0<strong>Flavio Massarutto<\/strong> (direttore artistico di \u201cSan Vito Jazz\u201d),\u00a0<strong>Tullio Angelini<\/strong> (direttore artistico di \u201cAll Frontiers\u201d).<\/p>\n","protected":false},"excerpt":{"rendered":"<p>Presentazione a Trieste<\/p>\n","protected":false},"author":28,"featured_media":12285,"comment_status":"closed","ping_status":"closed","sticky":false,"template":"","format":"standard","meta":{"dwc-title":[],"dwc-content":[],"footnotes":""},"categories":[37],"tags":[],"class_list":["post-12284","post","type-post","status-publish","format-standard","has-post-thumbnail","hentry","category-cultura-e-spettacolo"],"rttpg_featured_image_url":{"full":["https:\/\/imagazine.it\/wp-content\/uploads\/2024\/01\/2091-1.webp",445,260,false],"landscape":["https:\/\/imagazine.it\/wp-content\/uploads\/2024\/01\/2091-1.webp",445,260,false],"portraits":["https:\/\/imagazine.it\/wp-content\/uploads\/2024\/01\/2091-1.webp",445,260,false],"thumbnail":["https:\/\/imagazine.it\/wp-content\/uploads\/2024\/01\/2091-1-150x150.webp",150,150,true],"medium":["https:\/\/imagazine.it\/wp-content\/uploads\/2024\/01\/2091-1-300x175.webp",300,175,true],"large":["https:\/\/imagazine.it\/wp-content\/uploads\/2024\/01\/2091-1.webp",445,260,false],"thumblist":["https:\/\/imagazine.it\/wp-content\/uploads\/2024\/01\/2091-1.webp",300,175,false],"thumbrelated":["https:\/\/imagazine.it\/wp-content\/uploads\/2024\/01\/2091-1.webp",445,260,false],"meccarouselthumb":["https:\/\/imagazine.it\/wp-content\/uploads\/2024\/01\/2091-1.webp",445,260,false],"gridsquare":["https:\/\/imagazine.it\/wp-content\/uploads\/2024\/01\/2091-1.webp",391,228,false],"tileview":["https:\/\/imagazine.it\/wp-content\/uploads\/2024\/01\/2091-1.webp",300,175,false],"1536x1536":["https:\/\/imagazine.it\/wp-content\/uploads\/2024\/01\/2091-1.webp",445,260,false],"2048x2048":["https:\/\/imagazine.it\/wp-content\/uploads\/2024\/01\/2091-1.webp",445,260,false],"newsup-slider-full":["https:\/\/imagazine.it\/wp-content\/uploads\/2024\/01\/2091-1.webp",445,260,false],"newsup-featured":["https:\/\/imagazine.it\/wp-content\/uploads\/2024\/01\/2091-1.webp",445,260,false],"newsup-medium":["https:\/\/imagazine.it\/wp-content\/uploads\/2024\/01\/2091-1.webp",445,260,false],"tptn_thumbnail":["https:\/\/imagazine.it\/wp-content\/uploads\/2024\/01\/2091-1.webp",250,146,false],"sow-carousel-default":["https:\/\/imagazine.it\/wp-content\/uploads\/2024\/01\/2091-1-272x182.webp",272,182,true]},"rttpg_author":{"display_name":"redazione","author_link":"https:\/\/imagazine.it\/home_desk\/author\/redazione\/"},"rttpg_comment":0,"rttpg_category":"<a href=\"https:\/\/imagazine.it\/home_desk\/category\/cultura-e-spettacolo\/\" rel=\"category tag\">CULTURA&amp;SPETTACOLO<\/a>","rttpg_excerpt":"Presentazione a Trieste","_links":{"self":[{"href":"https:\/\/imagazine.it\/home_desk\/wp-json\/wp\/v2\/posts\/12284","targetHints":{"allow":["GET"]}}],"collection":[{"href":"https:\/\/imagazine.it\/home_desk\/wp-json\/wp\/v2\/posts"}],"about":[{"href":"https:\/\/imagazine.it\/home_desk\/wp-json\/wp\/v2\/types\/post"}],"author":[{"embeddable":true,"href":"https:\/\/imagazine.it\/home_desk\/wp-json\/wp\/v2\/users\/28"}],"replies":[{"embeddable":true,"href":"https:\/\/imagazine.it\/home_desk\/wp-json\/wp\/v2\/comments?post=12284"}],"version-history":[{"count":0,"href":"https:\/\/imagazine.it\/home_desk\/wp-json\/wp\/v2\/posts\/12284\/revisions"}],"wp:featuredmedia":[{"embeddable":true,"href":"https:\/\/imagazine.it\/home_desk\/wp-json\/wp\/v2\/media\/12285"}],"wp:attachment":[{"href":"https:\/\/imagazine.it\/home_desk\/wp-json\/wp\/v2\/media?parent=12284"}],"wp:term":[{"taxonomy":"category","embeddable":true,"href":"https:\/\/imagazine.it\/home_desk\/wp-json\/wp\/v2\/categories?post=12284"},{"taxonomy":"post_tag","embeddable":true,"href":"https:\/\/imagazine.it\/home_desk\/wp-json\/wp\/v2\/tags?post=12284"}],"curies":[{"name":"wp","href":"https:\/\/api.w.org\/{rel}","templated":true}]}}