{"id":12242,"date":"2012-12-01T00:00:00","date_gmt":"2012-11-30T23:00:00","guid":{"rendered":"https:\/\/imagazine.it\/?p=12242"},"modified":"2012-12-01T00:00:00","modified_gmt":"2012-11-30T23:00:00","slug":"una-poltrona-per-due","status":"publish","type":"post","link":"https:\/\/imagazine.it\/home_desk\/una-poltrona-per-due\/","title":{"rendered":"Una poltrona per due"},"content":{"rendered":"<p class=\"ui-droppable\" style=\"text-align: justify;\"> \tPrendo spunto dal titolo del famoso film per presentare una singolare, quanto talentuosa, coppia sportiva: le gemelle Monica e Manola Minniti, campionesse di judo. Triestine doc, le incontro in un soleggiato mattino in quel di Barcola.<\/p>\n<p class=\"ui-droppable\" style=\"text-align: justify;\"> \t<strong>\u00c8 vero che vi picchiavate gi\u00e0 nella culla?<\/strong><\/p>\n<p class=\"ui-droppable\" style=\"text-align: justify;\"> \t<strong>Manola<\/strong>: \u00abEffettivamente c\u2019\u00e8 una foto di noi piccolissime nella culla, in cui Monica mi spinge a modo di presa\u2026 In realt\u00e0 siamo sempre andate d\u2019accordissimo\u2026\u00bb.<\/p>\n<p class=\"ui-droppable\" style=\"text-align: justify;\"> \t<strong>Monica<\/strong>: \u00abAbbiamo cominciato con il nuoto a tre anni, poi siamo passate alla ginnastica artistica, e infine siamo giunte allo judo nel 1977, all\u2019et\u00e0 di nove anni\u00bb.<\/p>\n<p class=\"ui-droppable\" style=\"text-align: justify;\"> \t<strong>Quando avete capito che le arti marziali erano la vostra&#8230; casa?<\/strong><\/p>\n<p class=\"ui-droppable\" style=\"text-align: justify;\"> \t<strong>Monica<\/strong>: \u00abNon \u00e8 stato facile come sembra. Gli inizi ci sono piaciuti perch\u00e9 nell\u2019acrobatica dello judo ci ritrovavamo quella della ginnastica artistica, ma poi la differenza l\u2019hanno fatta i nostri maestri. Sono stati loro a farci sentire a casa\u00bb.<\/p>\n<p class=\"ui-droppable\" style=\"text-align: justify;\"> \t<em>Manola annuisce<\/em>.<\/p>\n<p class=\"ui-droppable\" style=\"text-align: justify;\"> \t<strong>E da l\u00ec una lunga serie di competizioni che vi ha portato nel 1985 ad ottenere la cintura nera, anche se Monica l\u2019anno prima aveva gi\u00e0 vinto la Coppa Italia (titolo che non dava diritto alla cintura&#8230;).<\/strong><\/p>\n<p class=\"ui-droppable\" style=\"text-align: justify;\"> \t<strong>Monica<\/strong>: \u00abEffettivamente sono sempre stata particolarmente fortunata\u2026\u00bb.<\/p>\n<p class=\"ui-droppable\" style=\"text-align: justify;\"> \t<strong>Manola<\/strong>: \u00abRicordo ancora quel giorno; era il 29 aprile e la sera quando siamo tornate a casa nevicava e faceva freddo mentre il giorno prima eravamo andate via a mezze maniche\u00bb.<\/p>\n<p class=\"ui-droppable\" style=\"text-align: justify;\"> \t<strong>Poi arriv\u00f2 il divorzio quando, nel 1988, Manola decise di passare al Kung fu\u2026<\/strong><\/p>\n<p class=\"ui-droppable\" style=\"text-align: justify;\"> \t<strong>Manola<\/strong>: \u00abIn verit\u00e0 a me lo judo piaceva meno che a Monica, e poi spesso capitavo in categoria con lei, e se non c\u2019era lei c\u2019era la Pierantozzi, che poi fece medaglia d\u2019argento a Barcellona \u201992. Insomma, ho percepito che da l\u00ec non si passava, cosa che un artista marziale deve fare se non vuole essere sconfitto, cos\u00ec ho cambiato. Fu la scelta giusta\u00bb.<\/p>\n<p class=\"ui-droppable\" style=\"text-align: justify;\"> \t<strong>E infatti Manola ha vinto pi\u00f9 volte il titolo italiano di <em>Sanda <\/em>(la forma di combattimento a contatto totale con tanto di KO) e quello per il <em>Wu-shu <\/em>figure. Torniamo per\u00f2 al punto che fece scaturire tutto: cosa provavate nella sconfitta?<\/strong><\/p>\n<p class=\"ui-droppable\" style=\"text-align: justify;\"> \t<strong>Manola<\/strong>: \u00abSono sempre scesa dal tatami col sorriso, anche nelle sconfitte che lasciano il segno; ma se perdeva lei ero triste e addolorata\u00bb.<\/p>\n<p class=\"ui-droppable\" style=\"text-align: justify;\"> \t<strong>Monica<\/strong>: \u00ab\u00c8 vero, il dolore pi\u00f9 grande \u00e8 sempre stato la sconfitta dell\u2019altra, anche se devo ammettere che, talvolta, io non sono scesa dal tatami col sorriso\u2026\u00bb.<\/p>\n<p class=\"ui-droppable\" style=\"text-align: justify;\"> \t<strong>Cos\u2019\u00e8 mancato alla vostra carriera sportiva?<\/strong><\/p>\n<p class=\"ui-droppable\" style=\"text-align: justify;\"> \tEntrambe: \u00abNiente; abbiamo avuto quello per cui siamo state capaci\u00bb.<\/p>\n<p class=\"ui-droppable\" style=\"text-align: justify;\"> \t<strong>Qualcuno a cui dire grazie?<\/strong><\/p>\n<p class=\"ui-droppable\" style=\"text-align: justify;\"> \tEntrambe: \u00abSicuramente Renzo Conti, il nostro primo maestro\u00bb.<\/p>\n<p class=\"ui-droppable\" style=\"text-align: justify;\"> \t<strong>Monica<\/strong>: \u00abPer me anche Sandro Kramar, i fratelli Enzo e Furio de Denaro per la parte tecnica, mentre Sauro Bacherotti per la parte dirigenziale\u00bb.<\/p>\n<p class=\"ui-droppable\" style=\"text-align: justify;\"> \t<strong>Manola<\/strong>: \u00abIo voglio ringraziare la nostra insegnante di artistica, Teresa Macr\u00ec, per le basi di acrobatica che poi mi sono ritrovata nel kung fu ed i maestri Mario Pasotti, Claudio Gigante e il maestro cinese Xuhao\u00bb.<\/p>\n<p class=\"ui-droppable\" style=\"text-align: justify;\"> \t<strong>Quella per le arti marziali non \u00e8 la vostra unica passione, vero?<\/strong><\/p>\n<p class=\"ui-droppable\" style=\"text-align: justify;\"> \t<strong>Monica<\/strong>: \u00abCi sono le moto; a me piacerebbe avere la \u2018Diavel\u2019, ma al momento mi accontento di una Hornet 600\u00bb.<\/p>\n<p class=\"ui-droppable\" style=\"text-align: justify;\"> \t<strong>Manola<\/strong>: \u00abIo ho la mia amata Fazer 1000. Partecipiamo a raduni e gite, e ci andiamo anche a dormire\u2026\u00bb.<\/p>\n<p class=\"ui-droppable\" style=\"text-align: justify;\"> \t<strong>Chi sono i vostri idoli?<\/strong><\/p>\n<p class=\"ui-droppable\" style=\"text-align: justify;\"> \t<strong>Monica<\/strong>: \u00abPer me Ezio Gamba, medaglia d\u2019oro olimpica a Mosca nel 1980, e Laura di Toma, una campionessa che \u00e8 sempre stata il mio punto di riferimento\u00bb.<\/p>\n<p class=\"ui-droppable\" style=\"text-align: justify;\"> \t<strong>Manola<\/strong>: \u00abSara Simeoni\u00bb.<\/p>\n<p class=\"ui-droppable\" style=\"text-align: justify;\"> \t<strong>Perch\u00e9 la Simeoni?<\/strong><\/p>\n<p class=\"ui-droppable\" style=\"text-align: justify;\"> \t<strong>Manola<\/strong>: \u00abPer me non \u00e8 mai esistita una sportiva con la sua personalit\u00e0\u00bb.<\/p>\n<p class=\"ui-droppable\" style=\"text-align: justify;\"> \t<strong>Domanda personale: cosa vorreste di magnifico l\u2019una per l\u2019altra?<\/strong><\/p>\n<p class=\"ui-droppable\" style=\"text-align: justify;\"> \t<strong>Monica<\/strong>: \u00abChe aprisse un centro sportivo tutto suo, dato che \u00e8 laureata Isef, che massaggia per lavoro e a tempo perso fa l\u2019insegnante di fitness\u2026 Cos\u00ec potrebbe mettere a frutto l\u2019altra sua passione per l\u2019anatomia ed il benessere\u00bb.<\/p>\n<p class=\"ui-droppable\" style=\"text-align: justify;\"> \t<strong>Manola<\/strong>: \u00abChe vinca al <em>Superenalotto <\/em>e faccia quello che vuole\u00bb.<\/p>\n<p class=\"ui-droppable\" style=\"text-align: justify;\"> \t<strong>Un episodio della vostra carriera sportiva che rester\u00e0 indimenticabile?<\/strong><\/p>\n<p class=\"ui-droppable\" style=\"text-align: justify;\"> \t<strong>Monica<\/strong>: \u00abLa vittoria ai campionati italiani assoluti del \u201999, che considero l\u2019opera omnia della mia carriera sportiva\u00bb.<\/p>\n<p class=\"ui-droppable\" style=\"text-align: justify;\"> \t<strong>Manola<\/strong>: \u00abAnche per me la vittoria ai campionati italiani del 1999, che non so perch\u00e9, ma fra le tante \u00e8 quella che ricordo con pi\u00f9 piacere. Forse perch\u00e9 Monica aveva ottenuto la sua una settimana prima\u00bb.<\/p>\n<p class=\"ui-droppable\" style=\"text-align: justify;\"> \tGemelle, ottengono la cintura nera in categorie diverse nello stesso giorno; poi diventano campionesse d\u2019Italia a distanza di una settimana. Solo casualit\u00e0?<\/p>\n","protected":false},"excerpt":{"rendered":"<p>Monica e Manola Minniti<\/p>\n","protected":false},"author":26,"featured_media":12243,"comment_status":"closed","ping_status":"closed","sticky":false,"template":"","format":"standard","meta":{"dwc-title":[],"dwc-content":[],"footnotes":""},"categories":[38],"tags":[],"class_list":["post-12242","post","type-post","status-publish","format-standard","has-post-thumbnail","hentry","category-sport"],"rttpg_featured_image_url":{"full":["https:\/\/imagazine.it\/wp-content\/uploads\/2024\/01\/1791-1.webp",507,260,false],"landscape":["https:\/\/imagazine.it\/wp-content\/uploads\/2024\/01\/1791-1.webp",507,260,false],"portraits":["https:\/\/imagazine.it\/wp-content\/uploads\/2024\/01\/1791-1.webp",507,260,false],"thumbnail":["https:\/\/imagazine.it\/wp-content\/uploads\/2024\/01\/1791-1-150x150.webp",150,150,true],"medium":["https:\/\/imagazine.it\/wp-content\/uploads\/2024\/01\/1791-1-300x154.webp",300,154,true],"large":["https:\/\/imagazine.it\/wp-content\/uploads\/2024\/01\/1791-1.webp",507,260,false],"thumblist":["https:\/\/imagazine.it\/wp-content\/uploads\/2024\/01\/1791-1.webp",300,154,false],"thumbrelated":["https:\/\/imagazine.it\/wp-content\/uploads\/2024\/01\/1791-1.webp",500,256,false],"meccarouselthumb":["https:\/\/imagazine.it\/wp-content\/uploads\/2024\/01\/1791-1.webp",474,243,false],"gridsquare":["https:\/\/imagazine.it\/wp-content\/uploads\/2024\/01\/1791-1.webp",391,201,false],"tileview":["https:\/\/imagazine.it\/wp-content\/uploads\/2024\/01\/1791-1.webp",300,154,false],"1536x1536":["https:\/\/imagazine.it\/wp-content\/uploads\/2024\/01\/1791-1.webp",507,260,false],"2048x2048":["https:\/\/imagazine.it\/wp-content\/uploads\/2024\/01\/1791-1.webp",507,260,false],"newsup-slider-full":["https:\/\/imagazine.it\/wp-content\/uploads\/2024\/01\/1791-1.webp",507,260,false],"newsup-featured":["https:\/\/imagazine.it\/wp-content\/uploads\/2024\/01\/1791-1.webp",507,260,false],"newsup-medium":["https:\/\/imagazine.it\/wp-content\/uploads\/2024\/01\/1791-1.webp",507,260,false],"tptn_thumbnail":["https:\/\/imagazine.it\/wp-content\/uploads\/2024\/01\/1791-1.webp",250,128,false],"sow-carousel-default":["https:\/\/imagazine.it\/wp-content\/uploads\/2024\/01\/1791-1-272x182.webp",272,182,true]},"rttpg_author":{"display_name":"Michele D'Urso","author_link":"https:\/\/imagazine.it\/home_desk\/author\/durso\/"},"rttpg_comment":0,"rttpg_category":"<a href=\"https:\/\/imagazine.it\/home_desk\/category\/sport\/\" rel=\"category tag\">SPORT<\/a>","rttpg_excerpt":"Monica e Manola Minniti","_links":{"self":[{"href":"https:\/\/imagazine.it\/home_desk\/wp-json\/wp\/v2\/posts\/12242","targetHints":{"allow":["GET"]}}],"collection":[{"href":"https:\/\/imagazine.it\/home_desk\/wp-json\/wp\/v2\/posts"}],"about":[{"href":"https:\/\/imagazine.it\/home_desk\/wp-json\/wp\/v2\/types\/post"}],"author":[{"embeddable":true,"href":"https:\/\/imagazine.it\/home_desk\/wp-json\/wp\/v2\/users\/26"}],"replies":[{"embeddable":true,"href":"https:\/\/imagazine.it\/home_desk\/wp-json\/wp\/v2\/comments?post=12242"}],"version-history":[{"count":0,"href":"https:\/\/imagazine.it\/home_desk\/wp-json\/wp\/v2\/posts\/12242\/revisions"}],"wp:featuredmedia":[{"embeddable":true,"href":"https:\/\/imagazine.it\/home_desk\/wp-json\/wp\/v2\/media\/12243"}],"wp:attachment":[{"href":"https:\/\/imagazine.it\/home_desk\/wp-json\/wp\/v2\/media?parent=12242"}],"wp:term":[{"taxonomy":"category","embeddable":true,"href":"https:\/\/imagazine.it\/home_desk\/wp-json\/wp\/v2\/categories?post=12242"},{"taxonomy":"post_tag","embeddable":true,"href":"https:\/\/imagazine.it\/home_desk\/wp-json\/wp\/v2\/tags?post=12242"}],"curies":[{"name":"wp","href":"https:\/\/api.w.org\/{rel}","templated":true}]}}