{"id":12213,"date":"2012-11-06T00:00:00","date_gmt":"2012-11-05T23:00:00","guid":{"rendered":"https:\/\/imagazine.it\/?p=12213"},"modified":"2012-11-06T00:00:00","modified_gmt":"2012-11-05T23:00:00","slug":"una-vita-in-prima-linea","status":"publish","type":"post","link":"https:\/\/imagazine.it\/home_desk\/una-vita-in-prima-linea\/","title":{"rendered":"Una vita in prima linea"},"content":{"rendered":"<p class=\"ui-droppable\" style=\"text-align: justify;\"> \tIl grande pubblico lo conosce soprattutto per i suoi servizi dai fronti pi\u00f9 caldi del pianeta: il Kosovo nel \u201899, l\u2019Afghanistan dal 2001, l\u2019Iraq dal 2003. Ma la sua storia giornalistica parte da lontano: il Nicaragua dei Sandinisti e dei Contras, la guerra civile di El Salvador, la guerra delle Falkland, fino alla mattanza jugoslava degli anni Novanta. Vicedirettore del Tg5, conduttore del programma di approfondimento <em>Terra!<\/em>, redattore della rubrica <em>Occhiaie di riguardo <\/em>su <em>Il Foglio<\/em>. Diventa quasi ovvio aggiungere il nome: Toni Capuozzo.<\/p>\n<p class=\"ui-droppable\" style=\"text-align: justify;\"> \t<strong>Da inviato, ha girato in lungo e in largo il mondo: che impressione le fa, dopo un periodo all\u2019estero, tornare nella sua terra, il Friuli?<\/strong><\/p>\n<p class=\"ui-droppable\" style=\"text-align: justify;\"> \t\u00abHo trascorso gli anni della giovent\u00f9 a Udine, ma quella Udine non esiste pi\u00f9: la citt\u00e0 \u00e8 cambiata, n\u00e9 ritrovo molte delle persone con cui ho condiviso quegli anni. Sono invece molto legato al Friuli nel suo insieme. Ho vissuto il passaggio del terremoto e soprattutto della ricostruzione, che ha trasformato una societ\u00e0 contadina in uno dei centri industriali pi\u00f9 importanti d\u2019Italia, con tutti i cambiamenti che sono seguiti: eppure, quando torno in quest\u2019angolo di mondo, mi rendo conto che l\u2019anima vera dei Friulani \u00e8 sempre la stessa, legata a una concezione della vita d\u2019altri tempi\u00bb.<\/p>\n<p class=\"ui-droppable\" style=\"text-align: justify;\"> \t<strong>Cos\u2019\u00e8 che resiste, in Friuli?<\/strong><\/p>\n<p class=\"ui-droppable\" style=\"text-align: justify;\"> \t\u00abResiste una visione della vita incentrata sul rispetto della dignit\u00e0 della persona, sulla seriet\u00e0; resistono ritmi diversi, pi\u00f9 umani. L\u2019industrializzazione non ha modificato pi\u00f9 di tanto il modo di pensare, il senso della famiglia e della tradizione\u00bb.<\/p>\n<p class=\"ui-droppable\" style=\"text-align: justify;\"> \t<strong>A proposito d\u2019altri tempi: durante la Guerra delle Falkland in Argentina, lei fu l\u2019unico a ottenere un\u2019intervista esclusiva con il grande scrittore Jorge Louis Borges. Come fece?<\/strong><\/p>\n<p class=\"ui-droppable\" style=\"text-align: justify;\"> \t\u00abPresi un elenco telefonico e chiamai tutti i Borges dell\u2019Argentina, finch\u00e9 lo trovai. La sua era una famiglia di grandi patrioti, i suoi antenati avevano dato molto al Paese: m\u2019interessava il suo punto di vista perch\u00e9 era un argentino vero, ma la sua formazione culturale era debitrice nei confronti dell\u2019Inghilterra. M\u2019interessava quel dissidio, che infatti emerse. Le domande, lo ammetto, mi furono suggerite da un amico molto pi\u00f9 esperto di me: solo la notte precedente all\u2019incontro con Borges riuscii a leggere alcuni suoi libri. Glielo confessai, per onest\u00e0, al termine dell\u2019intervista: sorrise, e mi disse che le buone domande sono come i figli, perch\u00e9 una volta messe al mondo se ne vanno per conto loro\u00bb.<\/p>\n<p class=\"ui-droppable\" style=\"text-align: justify;\"> \t<strong>Dalle Falkland al Kosovo: cosa ricorda di quella guerra?<\/strong><\/p>\n<p class=\"ui-droppable\" style=\"text-align: justify;\"> \t\u00abVenivo da dieci anni di Balcani: difficile, dopo tutto quello che avevo visto, non provare un po\u2019 di ostilit\u00e0 nei confronti del regime serbo. Ma le cose si capiscono meglio col tempo: non ricordo, all\u2019epoca, grandi manifestazioni a favore della pace contro Clinton, nemmeno quando fu colpita per errore la sede della televisione serba. E se \u00e8 per questo, i droni di Obama scaricano le stesse bombe di Bush. La capacit\u00e0 di indignazione va ad intermittenza\u00bb.<\/p>\n<p class=\"ui-droppable\" style=\"text-align: justify;\"> \t<strong>Intanto il Medio Oriente continua a ribollire: so che lei \u00e8 molto prudente nel giudicare le primavere arabe\u2026<\/strong><\/p>\n<p class=\"ui-droppable\" style=\"text-align: justify;\"> \t\u00abSiamo tutti felici quando il tiranno viene abbattuto, questo \u00e8 fuori discussione. Tuttavia, siamo anche condizionati dalla fiction: la storia \u2018esemplare\u2019 vuole che, caduto il despota, s\u2019instauri un regime libero e democratico. Ma la realt\u00e0 \u00e8 spesso molto diversa e la situazione dell\u2019Iraq, dell\u2019Afghanistan e della stessa Libia stanno a dimostrarlo: paesi fuori controllo. Quanto alla Siria, c\u2019\u00e8 da segnalare che i Cristiani, rimasti neutrali rispetto ai due schieramenti in campo, stanno pagando da entrambe le parti\u00bb.<\/p>\n<p class=\"ui-droppable\" style=\"text-align: justify;\"> \t<strong>A tal proposito, secondo lei perch\u00e9 la comunit\u00e0 internazionale non \u00e8 intervenuta in Siria, come ha fatto altrove? C\u2019\u00e8 chi dice che il petrolio \u00e8 poco&#8230;<\/strong><\/p>\n<p class=\"ui-droppable\" style=\"text-align: justify;\"> \t\u00abAssad era considerato \u2018uno dei nostri\u2019 fino a poco tempo fa: la Siria non rientrava negli \u2018stati canaglia\u2019. \u00c8 vero, in Siria il petrolio \u00e8 poco: ma se \u00e8 per questo, anche le paci (non solo le guerre) si fanno per l\u2019oro nero\u00bb.<\/p>\n<p class=\"ui-droppable\" style=\"text-align: justify;\"> \t<strong>Come finir\u00e0 fra Israele e Iran?<\/strong><\/p>\n<p class=\"ui-droppable\" style=\"text-align: justify;\"> \t\u00abProvo a immedesimarmi in un israeliano: sarei preoccupatissimo. D\u2019altra parte, gli iraniani replicano: perch\u00e9, dicono loro, dobbiamo privarci dell\u2019atomica quando tutti ce l\u2019hanno, Israele compreso? \u00c8 una classica situazione in cui i contendenti hanno ragione e torto insieme. Certo, mai come in questo momento Israele si sente poco tutelato dagli Stati Uniti\u00bb.<\/p>\n<p class=\"ui-droppable\" style=\"text-align: justify;\"> \t<strong>Dal giornalismo di guerra a quello di tutti i giorni: nell\u2019era dell\u2019informazione fai-da-te, quella di <\/strong><strong><em>You Reporter <\/em><\/strong><strong>e dei social-network, chi controlla la veridicit\u00e0 delle notizie?<\/strong><\/p>\n<p class=\"ui-droppable\" style=\"text-align: justify;\"> \t\u00abUn\u2019informazione \u2018democratizzata\u2019, per me, \u00e8 una conquista: una notizia \u00e8 tale indipendentemente da chi la riporta. Il punto \u00e8 un altro: in questo enorme flusso di notizie, quali sono quelle utili e quelle inutili? Talvolta, prevale l\u2019interesse per cose prive di senso. Il vero problema \u00e8 l\u2019anonimato: in certi siti d\u2019informazione trovi schermate intere di insulti e pattume. Tanto, chi pu\u00f2 risalire all\u2019autore?\u00bb<\/p>\n","protected":false},"excerpt":{"rendered":"<p>Toni Capuozzo<\/p>\n","protected":false},"author":31,"featured_media":12214,"comment_status":"closed","ping_status":"closed","sticky":false,"template":"","format":"standard","meta":{"dwc-title":[],"dwc-content":[],"footnotes":""},"categories":[5],"tags":[],"class_list":["post-12213","post","type-post","status-publish","format-standard","has-post-thumbnail","hentry","category-attualita"],"rttpg_featured_image_url":{"full":["https:\/\/imagazine.it\/wp-content\/uploads\/2024\/01\/966-1.webp",388,260,false],"landscape":["https:\/\/imagazine.it\/wp-content\/uploads\/2024\/01\/966-1.webp",388,260,false],"portraits":["https:\/\/imagazine.it\/wp-content\/uploads\/2024\/01\/966-1.webp",388,260,false],"thumbnail":["https:\/\/imagazine.it\/wp-content\/uploads\/2024\/01\/966-1-150x150.webp",150,150,true],"medium":["https:\/\/imagazine.it\/wp-content\/uploads\/2024\/01\/966-1-300x201.webp",300,201,true],"large":["https:\/\/imagazine.it\/wp-content\/uploads\/2024\/01\/966-1.webp",388,260,false],"thumblist":["https:\/\/imagazine.it\/wp-content\/uploads\/2024\/01\/966-1.webp",300,201,false],"thumbrelated":["https:\/\/imagazine.it\/wp-content\/uploads\/2024\/01\/966-1.webp",388,260,false],"meccarouselthumb":["https:\/\/imagazine.it\/wp-content\/uploads\/2024\/01\/966-1.webp",388,260,false],"gridsquare":["https:\/\/imagazine.it\/wp-content\/uploads\/2024\/01\/966-1.webp",388,260,false],"tileview":["https:\/\/imagazine.it\/wp-content\/uploads\/2024\/01\/966-1.webp",300,201,false],"1536x1536":["https:\/\/imagazine.it\/wp-content\/uploads\/2024\/01\/966-1.webp",388,260,false],"2048x2048":["https:\/\/imagazine.it\/wp-content\/uploads\/2024\/01\/966-1.webp",388,260,false],"newsup-slider-full":["https:\/\/imagazine.it\/wp-content\/uploads\/2024\/01\/966-1.webp",388,260,false],"newsup-featured":["https:\/\/imagazine.it\/wp-content\/uploads\/2024\/01\/966-1.webp",388,260,false],"newsup-medium":["https:\/\/imagazine.it\/wp-content\/uploads\/2024\/01\/966-1.webp",388,260,false],"tptn_thumbnail":["https:\/\/imagazine.it\/wp-content\/uploads\/2024\/01\/966-1.webp",250,168,false],"sow-carousel-default":["https:\/\/imagazine.it\/wp-content\/uploads\/2024\/01\/966-1-272x182.webp",272,182,true]},"rttpg_author":{"display_name":"Vanni Veronesi","author_link":"https:\/\/imagazine.it\/home_desk\/author\/veronesi\/"},"rttpg_comment":0,"rttpg_category":"<a href=\"https:\/\/imagazine.it\/home_desk\/category\/attualita\/\" rel=\"category tag\">ATTUALIT\u00c0<\/a>","rttpg_excerpt":"Toni Capuozzo","_links":{"self":[{"href":"https:\/\/imagazine.it\/home_desk\/wp-json\/wp\/v2\/posts\/12213","targetHints":{"allow":["GET"]}}],"collection":[{"href":"https:\/\/imagazine.it\/home_desk\/wp-json\/wp\/v2\/posts"}],"about":[{"href":"https:\/\/imagazine.it\/home_desk\/wp-json\/wp\/v2\/types\/post"}],"author":[{"embeddable":true,"href":"https:\/\/imagazine.it\/home_desk\/wp-json\/wp\/v2\/users\/31"}],"replies":[{"embeddable":true,"href":"https:\/\/imagazine.it\/home_desk\/wp-json\/wp\/v2\/comments?post=12213"}],"version-history":[{"count":0,"href":"https:\/\/imagazine.it\/home_desk\/wp-json\/wp\/v2\/posts\/12213\/revisions"}],"wp:featuredmedia":[{"embeddable":true,"href":"https:\/\/imagazine.it\/home_desk\/wp-json\/wp\/v2\/media\/12214"}],"wp:attachment":[{"href":"https:\/\/imagazine.it\/home_desk\/wp-json\/wp\/v2\/media?parent=12213"}],"wp:term":[{"taxonomy":"category","embeddable":true,"href":"https:\/\/imagazine.it\/home_desk\/wp-json\/wp\/v2\/categories?post=12213"},{"taxonomy":"post_tag","embeddable":true,"href":"https:\/\/imagazine.it\/home_desk\/wp-json\/wp\/v2\/tags?post=12213"}],"curies":[{"name":"wp","href":"https:\/\/api.w.org\/{rel}","templated":true}]}}